{"id":968,"date":"2003-06-05T00:12:28","date_gmt":"2003-06-04T22:12:28","guid":{"rendered":"http:\/\/dreamnev.eu\/index.php\/2003\/06\/05\/quebec-festival-vagues-en-ville296\/"},"modified":"2023-07-23T19:15:18","modified_gmt":"2023-07-23T17:15:18","slug":"quebec-festival-vagues-en-ville296","status":"publish","type":"post","link":"https:\/\/dreamnev.org\/index.php\/2003\/06\/05\/quebec-festival-vagues-en-ville296\/","title":{"rendered":"Qu\u00e9bec &#8211; Festival Vagues-en-Ville sur la St-Charles"},"content":{"rendered":"<p class=\"post_excerpt\">Pour faire suite \u00e0 l&rsquo;article paru en avril 2003 (voir <a href=\"article168.html\">Qu\u00c3\u00a9bec &#8211; Festival Vagues-en-ville sur la St-Charles<\/a>), voici un bref r\u00e9sum\u00e9 de notre participation au festival Vagues en Ville de Qu\u00e9bec.<\/p>\n<p><!--more--><br \/>\n<strong>Retrouvez les infos pour l&rsquo;\u00e9dition 2006 sur le <a href=\"http:\/\/www3.sympatico.ca\/louis_sirois\/\">site officiel du Festival Vagues-en-Ville<\/a> qui aura lieu les 22 et 23 avril 2006.<\/strong><\/p>\n<p>Le 26 avril 2003, le Festival Vagues-en-Ville invitait tous les fervents d&rsquo;eau vive et de rivi\u00e8res \u00e0 venir c\u00e9l\u00e9brer en plein coeur de Qu\u00e9bec, au parc Chauveau, le d\u00e9but de la saison de canotage et la renaissance annuelle d&rsquo;une<br \/>\nsection de la rivi\u00e8re St-Charles tout-\u00e0-fait \u00e9tonnante :<\/p>\n<p><img loading=\"lazy\" decoding=\"async\" class=\" aligncenter size-full wp-image-955\" src=\"http:\/\/dreamnev.eu\/wp-content\/uploads\/2003\/06\/dsc01598.jpg\" alt=\"dsc01598.jpg\" align=\"center\" width=\"250\" height=\"333\" srcset=\"https:\/\/dreamnev.org\/wp-content\/uploads\/2003\/06\/dsc01598.jpg 250w, https:\/\/dreamnev.org\/wp-content\/uploads\/2003\/06\/dsc01598-225x300.jpg 225w\" sizes=\"auto, (max-width: 250px) 100vw, 250px\" \/><\/p>\n<p><em>\u00ab\u00a0Un magnifique joyau qu&rsquo;il faut savoir cueillir \u00e0 point, en pleine crue. Une longue section de rapides quasi continus encaiss\u00e9s dans de jolies gorges de calcaire bord\u00e9es de c\u00e8dres. C&rsquo;est un v\u00e9ritable oasis encore sauvage en plein<br \/>\ncentre de la ville de Qu\u00e9bec (&#8230;)\u00a0\u00bb<\/em> [[Fortin, Gilles (1980) Guide des rivi\u00e8res sportives au Qu\u00e9bec, \u00e9d.Marcel Broquet, p. 317]] <\/p>\n<figure id=\"attachment_956\" aria-describedby=\"caption-attachment-956\" style=\"width: 300px\" class=\"wp-caption aligncenter\"><img loading=\"lazy\" decoding=\"async\" class=\" aligncenter size-full wp-image-956\" src=\"http:\/\/dreamnev.eu\/wp-content\/uploads\/2003\/06\/stcharles5.jpg\" alt=\"Rivi\u00e8re St-Charles\" title=\"Rivi\u00e8re St-Charles\" class=\"caption\" data-description=\"En plein coeur de la ville\" align=\"center\" width=\"300\" height=\"89\" \/><figcaption id=\"caption-attachment-956\" class=\"wp-caption-text\">Rivi\u00e8re St-Charles<\/figcaption><\/figure>\n<figure id=\"attachment_957\" aria-describedby=\"caption-attachment-957\" style=\"width: 893px\" class=\"wp-caption aligncenter\"><img loading=\"lazy\" decoding=\"async\" class=\" aligncenter size-full wp-image-957\" src=\"http:\/\/dreamnev.eu\/wp-content\/uploads\/2003\/06\/stcharles1.jpg\" alt=\"Milieu urbain ?\" title=\"Milieu urbain ?\" class=\"caption\" data-description=\"On \u00e0 peine \u00e0 croire qu'on est en plein coeur de Qu\u00e9bec !\" align=\"center\" width=\"893\" height=\"296\" srcset=\"https:\/\/dreamnev.org\/wp-content\/uploads\/2003\/06\/stcharles1.jpg 893w, https:\/\/dreamnev.org\/wp-content\/uploads\/2003\/06\/stcharles1-300x99.jpg 300w, https:\/\/dreamnev.org\/wp-content\/uploads\/2003\/06\/stcharles1-768x255.jpg 768w\" sizes=\"auto, (max-width: 893px) 100vw, 893px\" \/><figcaption id=\"caption-attachment-957\" class=\"wp-caption-text\">Milieu urbain ?<\/figcaption><\/figure>\n<p>Le but de ce festival, si t\u00f4t en saison, dans le froid et sous la pluie, dans une eau \u00e0 peine sortie de la glace est non seulement la porte d&rsquo;entr\u00e9e de la saison d&rsquo;eau vive de la r\u00e9gion mais aussi de faire conna\u00eetre la section et c&rsquo;est en m\u00eame temps la premi\u00e8re occasion pour tous de se revoir.<br \/>\n<br \/>Tous les buts ont \u00e9t\u00e9 atteint avec grand plaisir (sauf celui de la fr\u00e9quentation des visiteurs.<img loading=\"lazy\" decoding=\"async\" class=\" alignright size-full wp-image-958\" src=\"http:\/\/dreamnev.eu\/wp-content\/uploads\/2003\/06\/wink.gif\" alt=\"wink.gif\" align=\"right\" width=\"15\" height=\"15\" \/><\/p>\n<figure id=\"attachment_959\" aria-describedby=\"caption-attachment-959\" style=\"width: 800px\" class=\"wp-caption aligncenter\"><img loading=\"lazy\" decoding=\"async\" class=\" aligncenter size-full wp-image-959\" src=\"http:\/\/dreamnev.eu\/wp-content\/uploads\/2003\/06\/stcharles01.jpg\" alt=\"Beaux sourires mais mieux vaut le garder \u00e9tanche, Jef s'en souviens sans doute ;)\" title=\"Beaux sourires mais mieux vaut le garder \u00e9tanche, Jef s'en souviens sans doute ;)\" class=\"caption\" data-description=\"Photo d'Erika Pruvost\" align=\"center\" width=\"800\" height=\"531\" \/><figcaption id=\"caption-attachment-959\" class=\"wp-caption-text\">Beaux sourires mais mieux vaut le garder \u00e9tanche, Jef s&rsquo;en souviens sans doute \ud83d\ude09<\/figcaption><\/figure>\n<figure id=\"attachment_960\" aria-describedby=\"caption-attachment-960\" style=\"width: 800px\" class=\"wp-caption aligncenter\"><img loading=\"lazy\" decoding=\"async\" class=\" aligncenter size-full wp-image-960\" src=\"http:\/\/dreamnev.eu\/wp-content\/uploads\/2003\/06\/stcharles02.jpg\" alt=\"En tandem\" title=\"En tandem\" class=\"caption\" data-description=\"Photo d'Erika Pruvost\" align=\"center\" width=\"800\" height=\"525\" \/><figcaption id=\"caption-attachment-960\" class=\"wp-caption-text\">En tandem<\/figcaption><\/figure>\n<p>La St-Charles est une tr\u00e8s belle section de rivi\u00e8re continue.  \u00c9videmment c&rsquo;est en milieu urbain, mais les paysages sont tout de m\u00eame tr\u00e8s jolis.  \u00c9trangement peu de gens connaissent ce secteur.  Possiblement parce que la section est pagayable (nageable) seulement tr\u00e8s t\u00f4t au printemps et donc par des pagayeurs (nageurs) exp\u00e9riment\u00e9s. <\/p>\n<p>Denis, Jean-Fran\u00e7ois, Myriam et moi-m\u00eame avons donc d\u00e9couvert ce petit tr\u00e9sor au seuil de nos portes.<\/p>\n<figure id=\"attachment_961\" aria-describedby=\"caption-attachment-961\" style=\"width: 800px\" class=\"wp-caption aligncenter\"><img loading=\"lazy\" decoding=\"async\" class=\" aligncenter size-full wp-image-961\" src=\"http:\/\/dreamnev.eu\/wp-content\/uploads\/2003\/06\/stcharles03.jpg\" alt=\"Seul\" title=\"Seul\" class=\"caption\" data-description=\"Photo d'Erika Pruvost\" align=\"center\" width=\"800\" height=\"520\" \/><figcaption id=\"caption-attachment-961\" class=\"wp-caption-text\">Seul<\/figcaption><\/figure>\n<figure id=\"attachment_962\" aria-describedby=\"caption-attachment-962\" style=\"width: 800px\" class=\"wp-caption aligncenter\"><img loading=\"lazy\" decoding=\"async\" class=\" aligncenter size-full wp-image-962\" src=\"http:\/\/dreamnev.eu\/wp-content\/uploads\/2003\/06\/stcharles04.jpg\" alt=\"A 3 : on est de + en + nombreux !\" title=\"A 3 : on est de + en + nombreux !\" class=\"caption\" data-description=\"Photo d'Erika Pruvost\" align=\"center\" width=\"800\" height=\"519\" \/><figcaption id=\"caption-attachment-962\" class=\"wp-caption-text\">A 3 : on est de + en + nombreux !<\/figcaption><\/figure>\n<p>Bref, paysages magnifiques et niveau d&rsquo;eau plaisant, belles petites vagues et rouleaux \u00e0 surf. La crue n&rsquo;\u00e9tait pas \u00e0 son maximum mais cela nous a permis de commencer la saison de fa\u00e7on s\u00e9curitaire et surtout d&rsquo;initier Myriam pour sa 1ere exp\u00e9rience.<br \/>\n<br \/>Mouill\u00e9 dedans mais aussi mouill\u00e9 dehors puisque la pluie n&rsquo;a cess\u00e9 de nous arroser, ce fut un bapt\u00eame complet ! <\/p>\n<p>Mais quel plaisir de se mettre \u00e0 l&rsquo;eau pour la 1ere fois de la saison (personnellement je ne tenais plus en place, j&rsquo;attendais \u00e7a depuis 1 mois certain, demandez donc \u00e0 mes coll\u00e8gues de travail !) et quel plaisir de voir ou revoir ceux que nous rencontrerons sur les rivi\u00e8res cette \u00e9t\u00e9.<\/p>\n<p><img loading=\"lazy\" decoding=\"async\" class=\" aligncenter size-full wp-image-963\" src=\"http:\/\/dreamnev.eu\/wp-content\/uploads\/2003\/06\/navette.jpg\" alt=\"navette.jpg\" align=\"center\" width=\"800\" height=\"600\" srcset=\"https:\/\/dreamnev.org\/wp-content\/uploads\/2003\/06\/navette.jpg 800w, https:\/\/dreamnev.org\/wp-content\/uploads\/2003\/06\/navette-300x225.jpg 300w, https:\/\/dreamnev.org\/wp-content\/uploads\/2003\/06\/navette-768x576.jpg 768w\" sizes=\"auto, (max-width: 800px) 100vw, 800px\" \/><\/p>\n<figure id=\"attachment_964\" aria-describedby=\"caption-attachment-964\" style=\"width: 594px\" class=\"wp-caption aligncenter\"><img loading=\"lazy\" decoding=\"async\" class=\" aligncenter size-full wp-image-964\" src=\"http:\/\/dreamnev.eu\/wp-content\/uploads\/2003\/06\/2003-04-vagues-en-ville-1prix2.jpg\" alt=\"1er prix du concours photo\" title=\"1er prix du concours photo\" class=\"caption\" align=\"center\" width=\"594\" height=\"472\" srcset=\"https:\/\/dreamnev.org\/wp-content\/uploads\/2003\/06\/2003-04-vagues-en-ville-1prix2.jpg 594w, https:\/\/dreamnev.org\/wp-content\/uploads\/2003\/06\/2003-04-vagues-en-ville-1prix2-300x238.jpg 300w\" sizes=\"auto, (max-width: 594px) 100vw, 594px\" \/><figcaption id=\"caption-attachment-964\" class=\"wp-caption-text\">1er prix du concours photo<\/figcaption><\/figure>\n<p>Par contre, je n&rsquo;ai pas pris le risque de sortir mon appareil photo donc voici quelques photos de tout le monde.<\/p>\n<p>R\u00e9sultat de la petite course : les nageurs sont arriv\u00e9s bons derniers, la prochaine fois, il faudrait faire un d\u00e9part palmes aux pieds, \u00e7a nous donnerait une chance.<img loading=\"lazy\" decoding=\"async\" class=\" alignright size-full wp-image-965\" src=\"http:\/\/dreamnev.eu\/wp-content\/uploads\/2003\/06\/wink2.gif\" alt=\"wink2.gif\" align=\"right\" width=\"15\" height=\"15\" \/><\/p>\n<p>Et pour ceux qui s&rsquo;inqui\u00e9terait de ma petite sant\u00e9, j&rsquo;ai retrouv\u00e9 ma voix que j&rsquo;avais perdu quelque part entre le d\u00e9part et l&rsquo;arriv\u00e9e.<\/p>\n<p><img loading=\"lazy\" decoding=\"async\" class=\" aligncenter size-full wp-image-966\" src=\"http:\/\/dreamnev.eu\/wp-content\/uploads\/2003\/06\/dsc01605.jpg\" alt=\"dsc01605.jpg\" align=\"center\" width=\"250\" height=\"188\" \/><\/p>\n<p><img loading=\"lazy\" decoding=\"async\" class=\" aligncenter size-full wp-image-967\" src=\"http:\/\/dreamnev.eu\/wp-content\/uploads\/2003\/06\/dsc01523.jpg\" alt=\"dsc01523.jpg\" align=\"center\" width=\"250\" height=\"188\" \/><\/p>\n<p>L&rsquo;\u00e9v\u00e9nement \u00e9tait chapeaut\u00e9 par la <strong>Soci\u00e9t\u00e9 de Canotage de Qu\u00e9bec (SOCAQ)<\/strong>,<br \/>\n<a href=\"http:\/\/www.terresauvage.net\">Aventures Terre Sauvage<\/a>,la Boutique Atmosph\u00e8re (Qu\u00e9bec), le Club L&rsquo;Aval et la<br \/>\nSoci\u00e9t\u00e9 de D\u00e9veloppement de la Rivi\u00e8re Saint-Charles.<\/p>\n<div id='gallery-1' class='gallery galleryid-968 gallery-columns-3 gallery-size-thumbnail'><figure class='gallery-item'>\n\t\t\t<div class='gallery-icon landscape'>\n\t\t\t\t<a href='https:\/\/dreamnev.org\/wp-content\/uploads\/2003\/06\/navette.jpg'><img loading=\"lazy\" decoding=\"async\" width=\"150\" height=\"150\" src=\"https:\/\/dreamnev.org\/wp-content\/uploads\/2003\/06\/navette-150x150.jpg\" class=\"attachment-thumbnail size-thumbnail\" alt=\"navette.jpg\" \/><\/a>\n\t\t\t<\/div><\/figure><figure class='gallery-item'>\n\t\t\t<div class='gallery-icon landscape'>\n\t\t\t\t<a href='https:\/\/dreamnev.org\/wp-content\/uploads\/2003\/06\/dsc01523.jpg'><img loading=\"lazy\" decoding=\"async\" width=\"150\" height=\"150\" src=\"https:\/\/dreamnev.org\/wp-content\/uploads\/2003\/06\/dsc01523-150x150.jpg\" class=\"attachment-thumbnail size-thumbnail\" alt=\"dsc01523.jpg\" \/><\/a>\n\t\t\t<\/div><\/figure><figure class='gallery-item'>\n\t\t\t<div class='gallery-icon portrait'>\n\t\t\t\t<a href='https:\/\/dreamnev.org\/wp-content\/uploads\/2003\/06\/dsc01598.jpg'><img loading=\"lazy\" decoding=\"async\" width=\"150\" height=\"150\" src=\"https:\/\/dreamnev.org\/wp-content\/uploads\/2003\/06\/dsc01598-150x150.jpg\" class=\"attachment-thumbnail size-thumbnail\" alt=\"dsc01598.jpg\" \/><\/a>\n\t\t\t<\/div><\/figure><figure class='gallery-item'>\n\t\t\t<div class='gallery-icon landscape'>\n\t\t\t\t<a href='https:\/\/dreamnev.org\/wp-content\/uploads\/2003\/06\/dsc01605.jpg'><img loading=\"lazy\" decoding=\"async\" width=\"150\" height=\"150\" src=\"https:\/\/dreamnev.org\/wp-content\/uploads\/2003\/06\/dsc01605-150x150.jpg\" class=\"attachment-thumbnail size-thumbnail\" alt=\"dsc01605.jpg\" \/><\/a>\n\t\t\t<\/div><\/figure><figure class='gallery-item'>\n\t\t\t<div class='gallery-icon landscape'>\n\t\t\t\t<a href='https:\/\/dreamnev.org\/wp-content\/uploads\/2003\/06\/stcharles1.jpg'><img loading=\"lazy\" decoding=\"async\" width=\"150\" height=\"150\" src=\"https:\/\/dreamnev.org\/wp-content\/uploads\/2003\/06\/stcharles1-150x150.jpg\" class=\"attachment-thumbnail size-thumbnail\" alt=\"Milieu urbain ?\" aria-describedby=\"gallery-1-957\" \/><\/a>\n\t\t\t<\/div>\n\t\t\t\t<figcaption class='wp-caption-text gallery-caption' id='gallery-1-957'>\n\t\t\t\tMilieu urbain ?\n\t\t\t\t<\/figcaption><\/figure><figure class='gallery-item'>\n\t\t\t<div class='gallery-icon landscape'>\n\t\t\t\t<a href='https:\/\/dreamnev.org\/wp-content\/uploads\/2003\/06\/stcharles5.jpg'><img loading=\"lazy\" decoding=\"async\" width=\"150\" height=\"89\" src=\"https:\/\/dreamnev.org\/wp-content\/uploads\/2003\/06\/stcharles5-150x89.jpg\" class=\"attachment-thumbnail size-thumbnail\" alt=\"Rivi\u00e8re St-Charles\" aria-describedby=\"gallery-1-956\" \/><\/a>\n\t\t\t<\/div>\n\t\t\t\t<figcaption class='wp-caption-text gallery-caption' id='gallery-1-956'>\n\t\t\t\tRivi\u00e8re St-Charles\n\t\t\t\t<\/figcaption><\/figure><figure class='gallery-item'>\n\t\t\t<div class='gallery-icon landscape'>\n\t\t\t\t<a href='https:\/\/dreamnev.org\/wp-content\/uploads\/2003\/06\/wink2.gif'><img loading=\"lazy\" decoding=\"async\" width=\"15\" height=\"15\" src=\"https:\/\/dreamnev.org\/wp-content\/uploads\/2003\/06\/wink2.gif\" class=\"attachment-thumbnail size-thumbnail\" alt=\"wink2.gif\" \/><\/a>\n\t\t\t<\/div><\/figure><figure class='gallery-item'>\n\t\t\t<div class='gallery-icon landscape'>\n\t\t\t\t<a href='https:\/\/dreamnev.org\/wp-content\/uploads\/2003\/06\/2003-04-vagues-en-ville-1prix2.jpg'><img loading=\"lazy\" decoding=\"async\" width=\"150\" height=\"150\" src=\"https:\/\/dreamnev.org\/wp-content\/uploads\/2003\/06\/2003-04-vagues-en-ville-1prix2-150x150.jpg\" class=\"attachment-thumbnail size-thumbnail\" alt=\"1er prix du concours photo\" aria-describedby=\"gallery-1-964\" \/><\/a>\n\t\t\t<\/div>\n\t\t\t\t<figcaption class='wp-caption-text gallery-caption' id='gallery-1-964'>\n\t\t\t\t1er prix du concours photo\n\t\t\t\t<\/figcaption><\/figure><figure class='gallery-item'>\n\t\t\t<div class='gallery-icon landscape'>\n\t\t\t\t<a href='https:\/\/dreamnev.org\/wp-content\/uploads\/2003\/06\/wink.gif'><img loading=\"lazy\" decoding=\"async\" width=\"15\" height=\"15\" src=\"https:\/\/dreamnev.org\/wp-content\/uploads\/2003\/06\/wink.gif\" class=\"attachment-thumbnail size-thumbnail\" alt=\"wink.gif\" \/><\/a>\n\t\t\t<\/div><\/figure><figure class='gallery-item'>\n\t\t\t<div class='gallery-icon landscape'>\n\t\t\t\t<a href='https:\/\/dreamnev.org\/wp-content\/uploads\/2003\/06\/stcharles01.jpg'><img loading=\"lazy\" decoding=\"async\" width=\"150\" height=\"150\" src=\"https:\/\/dreamnev.org\/wp-content\/uploads\/2003\/06\/stcharles01-150x150.jpg\" class=\"attachment-thumbnail size-thumbnail\" alt=\"Beaux sourires mais mieux vaut le garder \u00e9tanche, Jef s&#039;en souviens sans doute ;)\" aria-describedby=\"gallery-1-959\" \/><\/a>\n\t\t\t<\/div>\n\t\t\t\t<figcaption class='wp-caption-text gallery-caption' id='gallery-1-959'>\n\t\t\t\tBeaux sourires mais mieux vaut le garder \u00e9tanche, Jef s&rsquo;en souviens sans doute \ud83d\ude09\n\t\t\t\t<\/figcaption><\/figure><figure class='gallery-item'>\n\t\t\t<div class='gallery-icon landscape'>\n\t\t\t\t<a href='https:\/\/dreamnev.org\/wp-content\/uploads\/2003\/06\/stcharles02.jpg'><img loading=\"lazy\" decoding=\"async\" width=\"150\" height=\"150\" src=\"https:\/\/dreamnev.org\/wp-content\/uploads\/2003\/06\/stcharles02-150x150.jpg\" class=\"attachment-thumbnail size-thumbnail\" alt=\"En tandem\" aria-describedby=\"gallery-1-960\" \/><\/a>\n\t\t\t<\/div>\n\t\t\t\t<figcaption class='wp-caption-text gallery-caption' id='gallery-1-960'>\n\t\t\t\tEn tandem\n\t\t\t\t<\/figcaption><\/figure><figure class='gallery-item'>\n\t\t\t<div class='gallery-icon landscape'>\n\t\t\t\t<a href='https:\/\/dreamnev.org\/wp-content\/uploads\/2003\/06\/stcharles03.jpg'><img loading=\"lazy\" decoding=\"async\" width=\"150\" height=\"150\" src=\"https:\/\/dreamnev.org\/wp-content\/uploads\/2003\/06\/stcharles03-150x150.jpg\" class=\"attachment-thumbnail size-thumbnail\" alt=\"Seul\" aria-describedby=\"gallery-1-961\" \/><\/a>\n\t\t\t<\/div>\n\t\t\t\t<figcaption class='wp-caption-text gallery-caption' id='gallery-1-961'>\n\t\t\t\tSeul\n\t\t\t\t<\/figcaption><\/figure><figure class='gallery-item'>\n\t\t\t<div class='gallery-icon landscape'>\n\t\t\t\t<a href='https:\/\/dreamnev.org\/wp-content\/uploads\/2003\/06\/stcharles04.jpg'><img loading=\"lazy\" decoding=\"async\" width=\"150\" height=\"150\" src=\"https:\/\/dreamnev.org\/wp-content\/uploads\/2003\/06\/stcharles04-150x150.jpg\" class=\"attachment-thumbnail size-thumbnail\" alt=\"A 3 : on est de + en + nombreux !\" aria-describedby=\"gallery-1-962\" \/><\/a>\n\t\t\t<\/div>\n\t\t\t\t<figcaption class='wp-caption-text gallery-caption' id='gallery-1-962'>\n\t\t\t\tA 3 : on est de + en + nombreux !\n\t\t\t\t<\/figcaption><\/figure>\n\t\t<\/div>\n\n","protected":false},"excerpt":{"rendered":"<p>Pour faire suite \u00e0 l&rsquo;article paru en avril 2003 (voir Qu\u00c3\u00a9bec &#8211; Festival Vagues-en-ville sur la St-Charles), voici un bref r\u00e9sum\u00e9 de notre participation au festival Vagues en Ville de Qu\u00e9bec.<\/p>\n","protected":false},"author":1,"featured_media":955,"comment_status":"closed","ping_status":"open","sticky":false,"template":"","format":"standard","meta":{"footnotes":""},"categories":[8],"tags":[],"class_list":["post-968","post","type-post","status-publish","format-standard","has-post-thumbnail","hentry","category-temoignages-et-reportages"],"_links":{"self":[{"href":"https:\/\/dreamnev.org\/index.php\/wp-json\/wp\/v2\/posts\/968","targetHints":{"allow":["GET"]}}],"collection":[{"href":"https:\/\/dreamnev.org\/index.php\/wp-json\/wp\/v2\/posts"}],"about":[{"href":"https:\/\/dreamnev.org\/index.php\/wp-json\/wp\/v2\/types\/post"}],"author":[{"embeddable":true,"href":"https:\/\/dreamnev.org\/index.php\/wp-json\/wp\/v2\/users\/1"}],"replies":[{"embeddable":true,"href":"https:\/\/dreamnev.org\/index.php\/wp-json\/wp\/v2\/comments?post=968"}],"version-history":[{"count":1,"href":"https:\/\/dreamnev.org\/index.php\/wp-json\/wp\/v2\/posts\/968\/revisions"}],"predecessor-version":[{"id":969,"href":"https:\/\/dreamnev.org\/index.php\/wp-json\/wp\/v2\/posts\/968\/revisions\/969"}],"wp:featuredmedia":[{"embeddable":true,"href":"https:\/\/dreamnev.org\/index.php\/wp-json\/wp\/v2\/media\/955"}],"wp:attachment":[{"href":"https:\/\/dreamnev.org\/index.php\/wp-json\/wp\/v2\/media?parent=968"}],"wp:term":[{"taxonomy":"category","embeddable":true,"href":"https:\/\/dreamnev.org\/index.php\/wp-json\/wp\/v2\/categories?post=968"},{"taxonomy":"post_tag","embeddable":true,"href":"https:\/\/dreamnev.org\/index.php\/wp-json\/wp\/v2\/tags?post=968"}],"curies":[{"name":"wp","href":"https:\/\/api.w.org\/{rel}","templated":true}]}}