{"id":905,"date":"2003-02-08T00:18:27","date_gmt":"2003-02-07T23:18:27","guid":{"rendered":"http:\/\/dreamnev.eu\/index.php\/2003\/02\/08\/france-lachers-2003-cure-et\/"},"modified":"2003-02-08T00:18:27","modified_gmt":"2003-02-07T23:18:27","slug":"france-lachers-2003-cure-et","status":"publish","type":"post","link":"https:\/\/dreamnev.org\/index.php\/2003\/02\/08\/france-lachers-2003-cure-et\/","title":{"rendered":"France &#8211; L\u00e2chers 2003 Cure et Chalaux"},"content":{"rendered":"<p class=\"post_excerpt\">Le calendrier officiel des l\u00e2chers de barrage de la Cure et du Chalaux, c\u00e9l\u00e8bres torrents du Morvan (France), pour l&rsquo;ann\u00e9e 2003.\n<\/p>\n<p><!--more--><br \/>\n<strong>Attention !<\/strong><br \/>\n<br \/>En septembre 2003, le num\u00e9ro d&rsquo;<strong>\u00ab\u00a0ALLO CURE\u00a0\u00bb<\/strong> qui donne des infos sur les l\u00e2chers de la Cure et du Chalaux a chang\u00e9 :<br \/>\n<br \/><strong>03.86.78.79.80<\/strong><\/p>\n<h2>Le Chalaux<\/h2>\n<p>(Entre les barrages de Chaume\u00e7on et du Crescent)<\/p>\n<table>\n<tbody>\n<tr class='row_even'>\n<td><strong>Mois<\/strong><\/td>\n<td><strong>Jour<\/strong><br \/><IMG224<\/td>\n<td>left><\/td>\n<td><strong>Horaires<\/strong><IMG224<\/td>\n<td>left><\/td>\n<\/tr>\n<tr class='row_odd'>\n<td><strong>Mars<\/strong><\/td>\n<td>du Sam 22 au Dim 23 <\/td>\n<td>Entra\u00eenement &#8211; Tourisme 9h 18h<\/td>\n<\/tr>\n<tr class='row_even'>\n<td><strong>Avril<\/strong><\/td>\n<td>du Sam 05 au Dim 06<br \/>du Sam 12 au Dim 13<br \/>du Sam 26 au Dim 27<\/td>\n<td>Entra\u00eenement &#8211; Tourisme 9h 18h<br \/>S\u00e9lectif r\u00e9gional descente sprint<br \/>Entra\u00eenement &#8211; Tourisme 9h 18h<\/td>\n<\/tr>\n<tr class='row_odd'>\n<td><strong>Mai<\/strong><\/td>\n<td>du Sam 03 au Dim 04<BR>Mer 07<BR> du Ven 09 au Dim 11<BR>Mer 14<BR>du Sam 17 au Dim 18<BR>Mer 21<BR> du Sam 24 au Dim 25<br \/>du Ven 30 au Sam 31<\/td>\n<td>Entra\u00eenement &#8211; Tourisme 9h 18h<BR>Scolaires 10h 15h<BR>Scolaires 9h 18h<BR>Scolaires 10h 15h<BR>Entra\u00eenement &#8211; Tourisme 9h 18h<BR>Scolaires 10h 15h<BR>Entra\u00eenement &#8211; Tourisme 9h 18h<BR>Entra\u00eenement &#8211; Tourisme 9h 18h<\/td>\n<\/tr>\n<tr class='row_even'>\n<td><strong>Juin<\/strong><\/td>\n<td>Dim 1er<BR>Mer 04<BR>du Sam 07 au Lun 09<BR>Mer 11<BR>du Sam 14 au Dim 15<BR>Mer 25<\/td>\n<td>Entra\u00eenement &#8211; Tourisme 9h 18h<BR>Scolaire 10h 15h<BR>Entra\u00eenement &#8211; Tourisme 9h 18h<br \/>Formation scolaire 10h 15h<BR>Entra\u00eenement &#8211; Tourisme 9h 18h<BR>DDJS Yonne<\/td>\n<\/tr>\n<tr class='row_odd'>\n<td><strong>Juillet \u00e0 Octobre<\/strong><\/td>\n<td>du Sam 12 Juillet \u00e0 fin Octobre<\/td>\n<td>Navigation possible suivant d\u00e9stockage du r\u00e9servoir de Chaume\u00e7on<\/td>\n<\/tr>\n<tr class='row_even'>\n<td><strong>Ao\u00fbt<\/strong><\/td>\n<td>Sam 23<\/td>\n<td><strong>Navigation interdite<\/strong> r\u00e9serv\u00e9 \u00e0 la p\u00eache<\/td>\n<\/tr>\n<tr class='row_odd'>\n<td><strong>Novembre \u00e0 D\u00e9cembre<\/strong><\/td>\n<td>du 17 Novembre au 31 D\u00e9cembre<\/td>\n<td>Navigation Interdite<br \/>(Arr\u00eat\u00e9 Pr\u00e9fectoral)<\/td>\n<\/tr>\n<\/tbody>\n<\/table>\n<h2>La Cure<\/h2>\n<p>(Entre le Pont de Palmaroux et le Pont de Crottefou)<\/p>\n<table>\n<tbody>\n<tr class='row_even'>\n<td><strong>Mois<\/strong><\/td>\n<td><strong>Jour<\/strong><br \/><IMG224<\/td>\n<td>left><\/td>\n<td><strong>Horaires<\/strong><IMG224<\/td>\n<td>left><\/td>\n<\/tr>\n<tr class='row_odd'>\n<td><strong>Mars<\/strong><\/td>\n<td>du Sam 01 au Dim 02<BR>du Sam 29 au Dim 30<\/td>\n<td>Entra\u00eenement &#8211; Tourisme 9h 18h<BR>Entra\u00eenement &#8211; Tourisme 9h 18h<\/td>\n<\/tr>\n<tr class='row_even'>\n<td><strong>Avril<\/strong><\/td>\n<td>du Sam 12 au Dim 13<BR>du Sam 19 au Lun 21 (P\u00e2ques)<\/td>\n<td>Entra\u00eenement &#8211; Tourisme 9h 18h<BR>Stages initiateurs 9h 18h<\/td>\n<\/tr>\n<tr class='row_odd'>\n<td><strong>Mai<\/strong><\/td>\n<td>du Jeu 01 au Ven 02<\/td>\n<td>Entra\u00eenement &#8211; Tourisme 9h 18h<\/td>\n<\/tr>\n<tr class='row_even'>\n<td><strong>Juin \u00e0 Ao\u00fbt<\/strong><\/td>\n<td>   <\/td>\n<td>Pas d&rsquo;info<\/td>\n<\/tr>\n<tr class='row_odd'>\n<td><strong>Septembre<\/strong><\/td>\n<td>Mer 24<br \/>du Sam 27 au Dim 28<\/td>\n<td>Rallye de la Cure 9h 18h le samedi<br \/>Ouverture Ven soir &#8211; Fermeture Dim 16h 50 cm Montal<\/td>\n<\/tr>\n<tr class='row_even'>\n<td><strong>Octobre<\/em><\/td>\n<td>du Sam 04 au Dim 05<BR> <BR>du Sam 11 au Dim 12<BR>du Mer 29 au Ven 31<\/td>\n<td>S\u00e9lectif r\u00e9gional Slalom Iles M\u00e9n\u00e9friers<br \/>Ouverture Ven soir &#8211; Fermeture Dim 16h 50 cm Montal<BR>Entra\u00eenement &#8211; Tourisme 9h 18h<BR>Stage &#8211; Entra\u00eenement 9h 18h<\/td>\n<\/tr>\n<tr class='row_odd'>\n<td><strong>Novembre<\/strong><\/td>\n<td>du Sam 01 au Dim 02<BR>du Sam 08 au Dim 09<BR>du Sam 15 au Dim 16<\/td>\n<td>Stage &#8211; Entra\u00eenement 9h 18h<BR>Entra\u00eenement &#8211; Tourisme 9h 18h<br \/>Championnat de Bourgogne Descente<\/td>\n<\/tr>\n<tr class='row_even'>\n<td>Novembre \u00e0 D\u00e9cembre<\/td>\n<td>du 17 Novembre au 31 D\u00e9cembre<\/td>\n<td>Navigation Interdite<br \/>(Arr\u00eat\u00e9 Pr\u00e9fectoral)<\/td>\n<\/tr>\n<\/tbody>\n<\/table>\n<h2>Infos suppl\u00e9mentaires<\/h2>\n<p>Navigation interdite <strong>avant 9h00<\/strong> et <strong>apr\u00e8s 18h00<\/strong> (Arr\u00eat\u00e9 Pr\u00e9fectoral)<br \/>\n<br \/>Sur la Cure : Navigation interdite avant le premier l\u00e2cher si hauteur d&rsquo;eau inf\u00e9rieure \u00e0 40 cm \u00e0 l&rsquo;\u00e9chelle du pont du Montal et 60 cm \u00e0 l&rsquo;\u00e9chelle du pont de Nataloup (arr\u00eat\u00e9 Pr\u00e9fectoral)<\/p>\n<p>Week-End d&rsquo;ouverture de la p\u00eache en 1\u00e8re cat\u00e9gorie : <strong>08, 09, 15, 16 Mars 2003<\/strong> (Navigation interdite)<br \/>\n<br \/>Week-End de fermeture de la p\u00eache en 1\u00e8re cat\u00e9gorie : <strong>20 et 21 Septembre 2003<\/strong> (Navigation interdite)<\/p>\n<h2>Contacts et renseignements<\/h2>\n<p>PARC NATUREL REGIONAL DU MORVAN &#8211; 58230 SAINT BRISSON<br \/>\n<br \/>Tel. : 03.86.78.79.00<br \/>\n<br \/>Fax. : 03.86.78.74.22<br \/>\n<br \/>Office du Tourisme du Morvan : 03 86 78 79 57<\/p>\n<p>Sans oublier le r\u00e9pondeur <strong>\u00ab\u00a0ALLO CURE\u00a0\u00bb : 03.86.78.79.80<\/strong> qui donne des infos sur les l\u00e2chers de la Cure et du Chalaux (pas toujours \u00e0 jour !).<\/p>\n<p>et le site du <a href=\"http:\/\/www.parcdumorvan.org\">Parc du Morvan<\/a>.<\/p>\n","protected":false},"excerpt":{"rendered":"<p>Le calendrier officiel des l\u00e2chers de barrage de la Cure et du Chalaux, c\u00e9l\u00e8bres torrents du Morvan (France), pour l&rsquo;ann\u00e9e 2003.<\/p>\n","protected":false},"author":1,"featured_media":0,"comment_status":"closed","ping_status":"open","sticky":false,"template":"","format":"standard","meta":{"footnotes":""},"categories":[111],"tags":[],"class_list":["post-905","post","type-post","status-publish","format-standard","hentry","category-calendrier-2003"],"_links":{"self":[{"href":"https:\/\/dreamnev.org\/index.php\/wp-json\/wp\/v2\/posts\/905","targetHints":{"allow":["GET"]}}],"collection":[{"href":"https:\/\/dreamnev.org\/index.php\/wp-json\/wp\/v2\/posts"}],"about":[{"href":"https:\/\/dreamnev.org\/index.php\/wp-json\/wp\/v2\/types\/post"}],"author":[{"embeddable":true,"href":"https:\/\/dreamnev.org\/index.php\/wp-json\/wp\/v2\/users\/1"}],"replies":[{"embeddable":true,"href":"https:\/\/dreamnev.org\/index.php\/wp-json\/wp\/v2\/comments?post=905"}],"version-history":[{"count":0,"href":"https:\/\/dreamnev.org\/index.php\/wp-json\/wp\/v2\/posts\/905\/revisions"}],"wp:attachment":[{"href":"https:\/\/dreamnev.org\/index.php\/wp-json\/wp\/v2\/media?parent=905"}],"wp:term":[{"taxonomy":"category","embeddable":true,"href":"https:\/\/dreamnev.org\/index.php\/wp-json\/wp\/v2\/categories?post=905"},{"taxonomy":"post_tag","embeddable":true,"href":"https:\/\/dreamnev.org\/index.php\/wp-json\/wp\/v2\/tags?post=905"}],"curies":[{"name":"wp","href":"https:\/\/api.w.org\/{rel}","templated":true}]}}