{"id":860,"date":"2003-01-09T22:46:38","date_gmt":"2003-01-09T21:46:38","guid":{"rendered":"http:\/\/dreamnev.eu\/index.php\/2003\/01\/09\/france-raid-dauphin-mai-2003162\/"},"modified":"2023-07-23T19:15:06","modified_gmt":"2023-07-23T17:15:06","slug":"france-raid-dauphin-mai-2003162","status":"publish","type":"post","link":"https:\/\/dreamnev.org\/index.php\/2003\/01\/09\/france-raid-dauphin-mai-2003162\/","title":{"rendered":"France &#8211; Raid Dauphin Mai 2003"},"content":{"rendered":"\n\n<p class=\"post_excerpt\"><CENTER><strong><em>13 EME RAID DAUPHIN<br>1-2-3-4 MAI 2003<br>\nPLAINEFAS (58 )<\/strong><\/em><\/CENTER><\/p>\n\n\n<!--more-->\n<strong>Organis\u00e9 par la Commission Nationale de Nage en Eau Vive de la FFESSM &#8211; France <\/strong>\n\nRetrouvez tous les documents \u00e0 t\u00e9l\u00e9charger <a href=\"#doc\">en bas de page<\/a>\n\n\n<h2>RENSEIGNEMENTS :<\/h2>\n\nLa participation demand\u00e9e \u00e0 chaque comp\u00e9titeur est de 120 \u20ac et comprend :\n&#8211; l&rsquo;h\u00e9bergement en g\u00eete \u00e0 Chaume\u00e7on (prendre un duvet)\n&#8211; les repas \u00e0 l&rsquo;auberge du Lac \n&#8211; les activit\u00e9s\n&#8211; les assurances\n\nLes accompagnateurs sont accept\u00e9s (h\u00e9bergement et pension), dans la mesure des places disponibles et pour une participation de 140 \u20ac.\n\nLes prestations commencent le jeudi 1er mai au Petit D\u00e9jeuner et se terminent le dimanche 4 mai apr\u00e8s le repas du midi.\n\n<h2>INSCRIPTIONS :<\/h2>\n\n\n\n\n<table>\n<tbody>\n<tr class='row_even'>\n<td>Les dossiers d&rsquo;inscriptions sont \u00e0 faire parvenir \u00e0 :<\/td>\n<td>Jacques COQUELIN<br>95, chemin de la Briqueterie<br>60240-FLEURY<br>Tel : Fax :03-44-49-69-24<\/td><\/tr>\n<\/tbody>\n<\/table>\n\n\n\n\n<strong>AVANT LE 11 AVRIL 2003<\/strong>\n\n&#8211; Les ch\u00e8ques doivent \u00eatre libell\u00e9s \u00e0 l&rsquo;ordre de NEV et doivent \u00eatre joints \u00e0 la feuille d&rsquo;inscription.\n&#8211; Sur la feuille d&rsquo;inscription, bien diff\u00e9rencier les Comp\u00e9titeurs et les Accompagnateurs.\n\n<h2>JURY :<\/h2>\n\n&#8211; Il est compos\u00e9 du Responsable National des Comp\u00e9titions et des membres du bureau de la Commission Nationale.\n&#8211; Le Pr\u00e9sident du jury est le Responsable National des Comp\u00e9titions ou son d\u00e9l\u00e9gu\u00e9.\n\n<h2>ASSURANCE :<\/h2>\n\n&#8211; Chaque participant doit \u00eatre licenci\u00e9 \u00e0 la FFESSM ou \u00e0 la FFCK et avoir souscrit une assurance compl\u00e9mentaire, obligatoire pour la participation aux comp\u00e9titions.\n&#8211; Cette manifestation est assur\u00e9e par le Cabinet Lafont, assureur de la FFESSM.\n\n<h2>SECURITE :<\/h2>\n\n&#8211; Il est rappel\u00e9 que les \u00e9quipes sont autonomes et doivent assurer leur propre s\u00e9curit\u00e9 lors des \u00e9preuves.\n&#8211; Une \u00e9quipe de l&rsquo;organisation assure en plus, pendant toutes les \u00e9preuves, la s\u00e9curit\u00e9 des participants.\n\n<h2>EQUIPEMENT : <\/h2>\n\n<strong>INDIVIDUEL :<\/strong>\n\n&#8211; Mat\u00e9riel de Nage en Eau-Vive aux normes CE (casque-gilet-floteur-palmes-combinaison-chaussons-gants)\n&#8211; Mat\u00e9riel de course \u00e0 pieds\n&#8211; Une boussole\n&#8211; Un sifflet\n&#8211; Un K-Way\n\n<strong>PAR EQUIPE :<\/strong>\n\n&#8211; Au moins une corde de s\u00e9curit\u00e9 \n&#8211; Un VTT (casque obligatoire)\n\n\n\n\n<h2>EQUIPES :<\/h2>\n\n&#8211; Chaque \u00e9quipe est compos\u00e9e de trois comp\u00e9titeurs, suivant la fiche d&rsquo;inscription.\n&#8211; Pour des raisons d&rsquo;organisation, le nombre d&rsquo;\u00e9quipes est limit\u00e9 \u00e0 12.\n&#8211; Les \u00e9quipes seront retenues en fonction de la date de retour de leur fiche d&rsquo;inscription. Dans un premier temps, nous ne prendrons qu&rsquo;une seule \u00e9quipe par club et ce, jusqu&rsquo;\u00e0 la date du 11 avril 2003. Apr\u00e8s cette date et dans le cas o\u00f9 il resterait de la place, nous retiendrons les autres \u00e9quipes mentionn\u00e9es sur la fiche d&rsquo;inscription.\n\n<h2>CLASSEMENT :<\/h2>\n\n&#8211; Chaque jour, il est \u00e9tabli un classement par \u00e9quipe en fonction des points obtenus dans les diff\u00e9rentes \u00e9preuves de la journ\u00e9e, y compris les \u00e9preuves \u00ab Bonus \u00bb, ainsi qu&rsquo;un classement g\u00e9n\u00e9ral.\n&#8211; L&rsquo;\u00e9quipe victorieuse du 13e Raid Dauphin, est celle qui terminera premi\u00e8re au classement g\u00e9n\u00e9ral \u00e0 l&rsquo;issu des \u00e9preuves du dernier jour.\n\n<h2>PLAN D&rsquo;ACCES : <\/h2>\n\n\tCarte Michelin N\u00b0 65\n\n<h2>RENDEZ-VOUS : <\/h2>\n\n\tIl est fix\u00e9 le jeudi 1er mai 2003 entre 9h et 11h, \u00e0 l&rsquo;Auberge du Lac 58140-Plainefas Tel : 03-86-22-60-86.\n\tA 11 heures pr\u00e9cises, se tiendra une r\u00e9union d&rsquo;information concernant le d\u00e9roulement de ce 13e Raid dauphin.\n\n\n\n<hr \/>\n\n\n\n<h2>PROGRAMME DU 13e RAID DAUPHIN<\/h2>\n\n\n\nL&rsquo;organisation se r\u00e9serve le droit de changer l&rsquo;ordre des \u00e9preuves, de les modifier ou de les annuler pour raison de s\u00e9curit\u00e9.\n\nChaque \u00e9quipe est autonome et doit \u00eatre en possession du mat\u00e9riel demand\u00e9.\n\n\n<h2>JEUDI 1er MAI 2003<\/h2>\n\n\n\n\n<table>\n<tbody>\n<tr class='row_even'>\n<td><figure id=\"attachment_848\" aria-describedby=\"caption-attachment-848\" style=\"width: 130px\" class=\"wp-caption alignnone\"><img loading=\"lazy\" decoding=\"async\" class=\" size-full wp-image-848\" src=\"http:\/\/dreamnev.eu\/wp-content\/uploads\/2002\/12\/doc-224.gif\" alt=\"150\" title=\"150\" class=\"caption\" width=\"130\" height=\"1\" \/><figcaption id=\"caption-attachment-848\" class=\"wp-caption-text\">150<\/figcaption><\/figure><br>9h \u00e0 11h<\/td>\n<td>Accueil des \u00e9quipes \u00e0 l&rsquo;Auberge du Lac et installation au g\u00eete<br>Petit d\u00e9jeuner<\/td><\/tr>\n<tr class='row_odd'>\n<td>11h \u00e0 12h<\/td>\n<td>R\u00e9union d&rsquo;information<\/td><\/tr>\n<tr class='row_even'>\n<td>12 h<\/td>\n<td>D\u00e9jeuner \u00e0 l&rsquo;Auberge du Lac<\/td><\/tr>\n<tr class='row_odd'>\n<td>14h<\/td>\n<td>Course d&rsquo;orientation ( <strong>2 bonus <\/strong>) <\/td><\/tr>\n<tr class='row_even'>\n<td>19h30<\/td>\n<td>D\u00eener \u00e0 l&rsquo;Auberge du Lac <\/td><\/tr>\n<tr class='row_odd'>\n<td>21h<\/td>\n<td>R\u00e9sultats et Briefing<\/td><\/tr>\n<\/tbody>\n<\/table>\n\n\n\n\n<h2>VENDREDI 2 MAI 2003<\/h2>\n\n\n\n\n<table>\n<tbody>\n<tr class='row_even'>\n<td><figure id=\"attachment_848\" aria-describedby=\"caption-attachment-848\" style=\"width: 130px\" class=\"wp-caption alignnone\"><img loading=\"lazy\" decoding=\"async\" class=\" size-full wp-image-848\" src=\"http:\/\/dreamnev.eu\/wp-content\/uploads\/2002\/12\/doc-224.gif\" alt=\"150\" title=\"150\" class=\"caption\" width=\"130\" height=\"1\" \/><figcaption id=\"caption-attachment-848\" class=\"wp-caption-text\">150<\/figcaption><\/figure><br>7h<\/td>\n<td>Petit d\u00e9jeuner \u00e0 l&rsquo;Auberge du Lac<\/td><\/tr>\n<tr class='row_odd'>\n<td>9h<\/td>\n<td>Descente en raft<\/td><\/tr>\n<tr class='row_even'>\n<td>12h <\/td>\n<td>D\u00e9jeuner sur le terrain<\/td><\/tr>\n<tr class='row_odd'>\n<td>14h<\/td>\n<td>Descente NEV ( 1 bonus) <\/td><\/tr>\n<tr class='row_even'>\n<td>19h30<\/td>\n<td>D\u00eener \u00e0 l&rsquo;Auberge du Lac<\/td><\/tr>\n<tr class='row_odd'>\n<td>21h<\/td>\n<td>R\u00e9sultats et Briefing<\/td><\/tr>\n<\/tbody>\n<\/table>\n\n\n\n\n<h2>SAMEDI 3 MAI 2003<\/h2>\n\n\n\n\n<table>\n<tbody>\n<tr class='row_even'>\n<td><figure id=\"attachment_848\" aria-describedby=\"caption-attachment-848\" style=\"width: 130px\" class=\"wp-caption alignnone\"><img loading=\"lazy\" decoding=\"async\" class=\" size-full wp-image-848\" src=\"http:\/\/dreamnev.eu\/wp-content\/uploads\/2002\/12\/doc-224.gif\" alt=\"150\" title=\"150\" class=\"caption\" width=\"130\" height=\"1\" \/><figcaption id=\"caption-attachment-848\" class=\"wp-caption-text\">150<\/figcaption><\/figure><br>7h<\/td>\n<td>Petit d\u00e9jeuner \u00e0 l&rsquo;Auberge du Lac<\/td><\/tr>\n<tr class='row_odd'>\n<td>9h<\/td>\n<td>Parcours Aventure ( 1 bonus ) <\/td><\/tr>\n<tr class='row_even'>\n<td>12h <\/td>\n<td>D\u00e9jeuner sur le terrain<\/td><\/tr>\n<tr class='row_odd'>\n<td>14h<\/td>\n<td>Course de vitesse NEV<\/td><\/tr>\n<tr class='row_even'>\n<td>16h<\/td>\n<td>Rapid Racing NEV<\/td><\/tr>\n<tr class='row_odd'>\n<td>19h30<\/td>\n<td>D\u00eener \u00e0 l&rsquo;Auberge du Lac<\/td><\/tr>\n<tr class='row_even'>\n<td>21h<\/td>\n<td>R\u00e9sultats et Briefing<\/td><\/tr>\n<\/tbody>\n<\/table>\n\n\n\n\n<h2>DIMANCHE 4 MAI 2003<\/h2>\n\n\n\n\n<table>\n<tbody>\n<tr class='row_even'>\n<td><figure id=\"attachment_848\" aria-describedby=\"caption-attachment-848\" style=\"width: 130px\" class=\"wp-caption alignnone\"><img loading=\"lazy\" decoding=\"async\" class=\" size-full wp-image-848\" src=\"http:\/\/dreamnev.eu\/wp-content\/uploads\/2002\/12\/doc-224.gif\" alt=\"150\" title=\"150\" class=\"caption\" width=\"130\" height=\"1\" \/><figcaption id=\"caption-attachment-848\" class=\"wp-caption-text\">150<\/figcaption><\/figure><br>7h<\/td>\n<td>Petit d\u00e9jeuner \u00e0 l&rsquo;Auberge du Lac<\/td><\/tr>\n<tr class='row_odd'>\n<td>9h<\/td>\n<td>Triathlon<\/td><\/tr>\n<tr class='row_even'>\n<td>12h<\/td>\n<td>D\u00e9jeuner \u00e0 l&rsquo;Auberge du Lac<\/td><\/tr>\n<tr class='row_odd'>\n<td>14h<\/td>\n<td>Proclamation des r\u00e9sultats<br>Verre de l&rsquo;amiti\u00e9<\/td><\/tr>\n<\/tbody>\n<\/table>\n\n\n\n\n<h2>Documents \u00e0 t\u00e9l\u00e9charger :<\/h2>\n\n<a name =\"doc\"><\/a>\n\n\n\n\n<table>\n<tbody>\n<tr class='row_even'>\n<td><a href=\"http:\/\/dreamnev.eu\/wp-content\/uploads\/2003\/01\/renseignement_raid_dauphin.pdf\" data-description=\"Document Adobe Acrobat\">Raid Dauphin &#8211; Renseignements et Programme<\/a><\/td>\n<td><a href=\"http:\/\/dreamnev.eu\/wp-content\/uploads\/2003\/01\/programme_raid_dauphin.pdf\" data-description=\"Document Adobe Acrobat\">Raid Dauphin &#8211; Programme d\u00e9taill\u00e9<\/a><\/td>\n<td><a href=\"http:\/\/dreamnev.eu\/wp-content\/uploads\/2003\/01\/inscription_raid_dauphin.pdf\" data-description=\"Document Adobe Acrobat\">Raid Dauphin &#8211; Fiche d&rsquo;inscription<\/a><\/td><\/tr>\n<\/tbody>\n<\/table>\n\n\n\n\n<div id='gallery-1' class='gallery galleryid-860 gallery-columns-3 gallery-size-thumbnail'><figure class='gallery-item'>\n\t\t\t<div class='gallery-icon landscape'>\n\t\t\t\t<a href='https:\/\/dreamnev.org\/wp-content\/uploads\/2002\/12\/doc-224.gif'><img loading=\"lazy\" decoding=\"async\" width=\"130\" height=\"1\" src=\"https:\/\/dreamnev.org\/wp-content\/uploads\/2002\/12\/doc-224.gif\" class=\"attachment-thumbnail size-thumbnail\" alt=\"150\" aria-describedby=\"gallery-1-848\" \/><\/a>\n\t\t\t<\/div>\n\t\t\t\t<figcaption class='wp-caption-text gallery-caption' id='gallery-1-848'>\n\t\t\t\t150\n\t\t\t\t<\/figcaption><\/figure>\n\t\t<\/div>\n\n<h2 class=\"wp-block-heading\">Documents joints<\/h2>\n\n\n\n<div class=\"wp-block-file\"><a href=\"http:\/\/dreamnev.eu\/wp-content\/uploads\/2003\/01\/renseignement_raid_dauphin.pdf\">Raid Dauphin &#8211; Renseignements et Programme<\/a><\/div>\n\n\n\n<div class=\"wp-block-file\"><a href=\"http:\/\/dreamnev.eu\/wp-content\/uploads\/2003\/01\/programme_raid_dauphin.pdf\">Raid Dauphin &#8211; Programme d\u00e9taill\u00e9<\/a><\/div>\n\n\n\n<div class=\"wp-block-file\"><a href=\"http:\/\/dreamnev.eu\/wp-content\/uploads\/2003\/01\/inscription_raid_dauphin.pdf\">Raid Dauphin &#8211; Fiche d&rsquo;inscription<\/a><\/div>\n\n\n","protected":false},"excerpt":{"rendered":"<p>13 EME RAID DAUPHIN1-2-3-4 MAI 2003 PLAINEFAS (58 )<\/p>\n","protected":false},"author":1,"featured_media":848,"comment_status":"closed","ping_status":"open","sticky":false,"template":"","format":"standard","meta":{"footnotes":""},"categories":[111],"tags":[149],"class_list":["post-860","post","type-post","status-publish","format-standard","has-post-thumbnail","hentry","category-calendrier-2003","tag-competition"],"_links":{"self":[{"href":"https:\/\/dreamnev.org\/index.php\/wp-json\/wp\/v2\/posts\/860","targetHints":{"allow":["GET"]}}],"collection":[{"href":"https:\/\/dreamnev.org\/index.php\/wp-json\/wp\/v2\/posts"}],"about":[{"href":"https:\/\/dreamnev.org\/index.php\/wp-json\/wp\/v2\/types\/post"}],"author":[{"embeddable":true,"href":"https:\/\/dreamnev.org\/index.php\/wp-json\/wp\/v2\/users\/1"}],"replies":[{"embeddable":true,"href":"https:\/\/dreamnev.org\/index.php\/wp-json\/wp\/v2\/comments?post=860"}],"version-history":[{"count":2,"href":"https:\/\/dreamnev.org\/index.php\/wp-json\/wp\/v2\/posts\/860\/revisions"}],"predecessor-version":[{"id":865,"href":"https:\/\/dreamnev.org\/index.php\/wp-json\/wp\/v2\/posts\/860\/revisions\/865"}],"wp:featuredmedia":[{"embeddable":true,"href":"https:\/\/dreamnev.org\/index.php\/wp-json\/wp\/v2\/media\/848"}],"wp:attachment":[{"href":"https:\/\/dreamnev.org\/index.php\/wp-json\/wp\/v2\/media?parent=860"}],"wp:term":[{"taxonomy":"category","embeddable":true,"href":"https:\/\/dreamnev.org\/index.php\/wp-json\/wp\/v2\/categories?post=860"},{"taxonomy":"post_tag","embeddable":true,"href":"https:\/\/dreamnev.org\/index.php\/wp-json\/wp\/v2\/tags?post=860"}],"curies":[{"name":"wp","href":"https:\/\/api.w.org\/{rel}","templated":true}]}}