{"id":1468,"date":"2007-12-03T00:34:00","date_gmt":"2007-12-02T23:34:00","guid":{"rendered":"http:\/\/dreamnev.eu\/index.php\/2007\/12\/03\/costa-rica-2006-samedi-11-et\/"},"modified":"2023-07-23T19:16:57","modified_gmt":"2023-07-23T17:16:57","slug":"costa-rica-2006-samedi-11-et","status":"publish","type":"post","link":"https:\/\/dreamnev.org\/index.php\/2007\/12\/03\/costa-rica-2006-samedi-11-et\/","title":{"rendered":"Costa Rica 2006 &#8211; Samedi 11 et dimanche 12 novembre"},"content":{"rendered":"<h2> Samedi 11 novembre 2006<\/h2>\n<p><strong>D\u00e9part de Gen\u00e8ve pour les 3 Suisses<\/strong><\/p>\n<p>G\u00e9g\u00e9, Olive et Niko partent de Gen\u00e8ve pour San Jos\u00e9, via Z\u00fcrich, avec la compagnie Swiss.<br \/>\nUn petit ap\u00e9ro avant de monter dans l&rsquo;avion, pour Miami, avec d&rsquo;une escale de 2 heures pour s&rsquo;envoler ensuite \u00e0 San Jos\u00e9. Denis part de Montr\u00e9al et il arrive en milieu d&rsquo;apr\u00e8s midi sur place. On se retrouve \u00e0 l&rsquo;h\u00f4tel.<br \/>\n<br \/>Quand tu sors de l&rsquo;a\u00e9roport de San Jos\u00e9, il y a un guichet pour prendre un bon de taxi. Il faut compter 20$ pour un trajet jusqu&rsquo;au centre ville.<\/p>\n<table>\n<tbody>\n<tr class='row_even'>\n<td><figure id=\"attachment_1435\" aria-describedby=\"caption-attachment-1435\" style=\"width: 800px\" class=\"wp-caption aligncenter\"><img loading=\"lazy\" decoding=\"async\" class=\" aligncenter size-full wp-image-1435\" src=\"http:\/\/dreamnev.eu\/wp-content\/uploads\/2007\/12\/Aero_zurich.jpg\" alt=\"Ap\u00e9ro \u00e0 Z\u00fcrich\" title=\"Ap\u00e9ro \u00e0 Z\u00fcrich\" class=\"caption\" data-description=\"Photo Niko\" align=\"center\" width=\"800\" height=\"600\" \/><figcaption id=\"caption-attachment-1435\" class=\"wp-caption-text\">Ap\u00e9ro \u00e0 Z\u00fcrich<\/figcaption><\/figure><\/td>\n<td><figure id=\"attachment_1436\" aria-describedby=\"caption-attachment-1436\" style=\"width: 800px\" class=\"wp-caption aligncenter\"><img loading=\"lazy\" decoding=\"async\" class=\" aligncenter size-full wp-image-1436\" src=\"http:\/\/dreamnev.eu\/wp-content\/uploads\/2007\/12\/niko_dort.jpg\" alt=\"Dodo &agrave; Miami...\" title=\"Dodo &agrave; Miami...\" class=\"caption\" data-description=\"Photo G&eacute;g&eacute;\" align=\"center\" width=\"800\" height=\"600\" \/><figcaption id=\"caption-attachment-1436\" class=\"wp-caption-text\">Dodo &agrave; Miami&#8230;<\/figcaption><\/figure><\/td>\n<\/tr>\n<\/tbody>\n<\/table>\n<h2>Dimanche 12 novembre, premier jour \u00e0 San Jos\u00e9 et d\u00e9placement \u00e0 La Virgen<\/h2>\n<p>Voici toute l&rsquo;\u00e9quipe r\u00e9unie \u00e0 l&rsquo;h\u00f4tel Dona Hilda. Bien situ\u00e9, en plein centre ville, ce petit lodge tr\u00e8s accueillant convient tr\u00e8s bien pour une bonne nuit de repos. Il se trouve \u00e0 2 pas de la gare routi\u00e8re. Un petit tour en ville pour boire un jus et prendre nos premi\u00e8res marques.<\/p>\n<table>\n<tbody>\n<tr class='row_even'>\n<td><figure id=\"attachment_1437\" aria-describedby=\"caption-attachment-1437\" style=\"width: 800px\" class=\"wp-caption aligncenter\"><img loading=\"lazy\" decoding=\"async\" class=\" aligncenter size-full wp-image-1437\" src=\"http:\/\/dreamnev.eu\/wp-content\/uploads\/2007\/12\/la_virgen.jpg\" alt=\"Le village de La Virgen\" title=\"Le village de La Virgen\" class=\"caption\" data-description=\"Photo Denis\" align=\"center\" width=\"800\" height=\"600\" \/><figcaption id=\"caption-attachment-1437\" class=\"wp-caption-text\">Le village de La Virgen<\/figcaption><\/figure><\/td>\n<td><figure id=\"attachment_1438\" aria-describedby=\"caption-attachment-1438\" style=\"width: 450px\" class=\"wp-caption aligncenter\"><img loading=\"lazy\" decoding=\"async\" class=\" aligncenter size-full wp-image-1438\" src=\"http:\/\/dreamnev.eu\/wp-content\/uploads\/2007\/12\/petie_dej_hilda.jpg\" alt=\"Petit-d&eacute;j, &agrave; l'h&ocirc;tel Hilda.\" title=\"Petit-d&eacute;j, &agrave; l'h&ocirc;tel Hilda.\" class=\"caption\" data-description=\"Photo G&eacute;g&eacute;\" align=\"center\" width=\"450\" height=\"600\" \/><figcaption id=\"caption-attachment-1438\" class=\"wp-caption-text\">Petit-d&eacute;j, &agrave; l&rsquo;h&ocirc;tel Hilda.<\/figcaption><\/figure><\/td>\n<\/tr>\n<tr class='row_odd'>\n<td><figure id=\"attachment_1439\" aria-describedby=\"caption-attachment-1439\" style=\"width: 450px\" class=\"wp-caption aligncenter\"><img loading=\"lazy\" decoding=\"async\" class=\" aligncenter size-full wp-image-1439\" src=\"http:\/\/dreamnev.eu\/wp-content\/uploads\/2007\/12\/chute_bus.jpg\" alt=\"Une chute sur la route, direction la Virgen.\" title=\"Une chute sur la route, direction la Virgen.\" class=\"caption\" data-description=\"Photo Olive\" align=\"center\" width=\"450\" height=\"600\" \/><figcaption id=\"caption-attachment-1439\" class=\"wp-caption-text\">Une chute sur la route, direction la Virgen.<\/figcaption><\/figure><\/td>\n<td><figure id=\"attachment_1440\" aria-describedby=\"caption-attachment-1440\" style=\"width: 800px\" class=\"wp-caption aligncenter\"><img loading=\"lazy\" decoding=\"async\" class=\" aligncenter size-full wp-image-1440\" src=\"http:\/\/dreamnev.eu\/wp-content\/uploads\/2007\/12\/Apero_gege_denis.jpg\" alt=\"Tchin... Welcome \u00e0 San Jos\u00e9\" title=\"Tchin... Welcome \u00e0 San Jos\u00e9\" class=\"caption\" data-description=\"Photo Niko\" align=\"center\" width=\"800\" height=\"600\" \/><figcaption id=\"caption-attachment-1440\" class=\"wp-caption-text\">Tchin&#8230; Welcome \u00e0 San Jos\u00e9<\/figcaption><\/figure><\/td>\n<\/tr>\n<tr class='row_even'>\n<td><figure id=\"attachment_1441\" aria-describedby=\"caption-attachment-1441\" style=\"width: 800px\" class=\"wp-caption aligncenter\"><img loading=\"lazy\" decoding=\"async\" class=\" aligncenter size-full wp-image-1441\" src=\"http:\/\/dreamnev.eu\/wp-content\/uploads\/2007\/12\/olive_police.jpg\" alt=\"Olive croise des coll&egrave;gues.\" title=\"Olive croise des coll&egrave;gues.\" class=\"caption\" data-description=\"Photo Niko\" align=\"center\" width=\"800\" height=\"600\" \/><figcaption id=\"caption-attachment-1441\" class=\"wp-caption-text\">Olive croise des coll&egrave;gues.<\/figcaption><\/figure><\/td>\n<\/tr>\n<\/tbody>\n<\/table>\n<p>Pour rejoindre le village de La Virgen, o\u00f9 nous avons choisi de passer notre 1\u00e8re semaine, on prend le bus depuis le centre de San Jos\u00e9. C&rsquo;est le moyen de locomotion le plus pratique ici. Le voyage co\u00fbte 3$ par personne et dure environ 3 heures. (ndlr : \u00e0 croire que souvent, une heure de bus = un dollar, en tous cas en Ouganda, en \u00c9quateur, &#8230;)<\/p>\n<table>\n<tbody>\n<tr class='row_even'>\n<td><figure id=\"attachment_1442\" aria-describedby=\"caption-attachment-1442\" style=\"width: 800px\" class=\"wp-caption aligncenter\"><img loading=\"lazy\" decoding=\"async\" class=\" aligncenter size-full wp-image-1442\" src=\"http:\/\/dreamnev.eu\/wp-content\/uploads\/2007\/12\/gare_routiere_san_jose.jpg\" alt=\"La gare routi\u00e8re de San Jos\u00e9\" title=\"La gare routi\u00e8re de San Jos\u00e9\" class=\"caption\" data-description=\"Photo Denis\" align=\"center\" width=\"800\" height=\"600\" \/><figcaption id=\"caption-attachment-1442\" class=\"wp-caption-text\">La gare routi\u00e8re de San Jos\u00e9<\/figcaption><\/figure><\/td>\n<td><figure id=\"attachment_1443\" aria-describedby=\"caption-attachment-1443\" style=\"width: 450px\" class=\"wp-caption aligncenter\"><img loading=\"lazy\" decoding=\"async\" class=\" aligncenter size-full wp-image-1443\" src=\"http:\/\/dreamnev.eu\/wp-content\/uploads\/2007\/12\/gare_routiere_denis.jpg\" alt=\"Denis attend le bus.\" title=\"Denis attend le bus.\" class=\"caption\" data-description=\"Photo Niko\" align=\"center\" width=\"450\" height=\"600\" \/><figcaption id=\"caption-attachment-1443\" class=\"wp-caption-text\">Denis attend le bus.<\/figcaption><\/figure><\/td>\n<\/tr>\n<tr class='row_odd'>\n<td><figure id=\"attachment_1444\" aria-describedby=\"caption-attachment-1444\" style=\"width: 450px\" class=\"wp-caption aligncenter\"><img loading=\"lazy\" decoding=\"async\" class=\" aligncenter size-full wp-image-1444\" src=\"http:\/\/dreamnev.eu\/wp-content\/uploads\/2007\/12\/gare_routiere_niko.jpg\" alt=\"Niko surveille les sacs.\" title=\"Niko surveille les sacs.\" class=\"caption\" data-description=\"Photo Denis\" align=\"center\" width=\"450\" height=\"600\" \/><figcaption id=\"caption-attachment-1444\" class=\"wp-caption-text\">Niko surveille les sacs.<\/figcaption><\/figure><\/td>\n<td><figure id=\"attachment_1445\" aria-describedby=\"caption-attachment-1445\" style=\"width: 800px\" class=\"wp-caption aligncenter\"><img loading=\"lazy\" decoding=\"async\" class=\" aligncenter size-full wp-image-1445\" src=\"http:\/\/dreamnev.eu\/wp-content\/uploads\/2007\/12\/bus_san_jose.jpg\" alt=\"On monte dans le bus ?\" title=\"On monte dans le bus ?\" class=\"caption\" data-description=\"Photo Niko\" align=\"center\" width=\"800\" height=\"533\" \/><figcaption id=\"caption-attachment-1445\" class=\"wp-caption-text\">On monte dans le bus ?<\/figcaption><\/figure><\/td>\n<\/tr>\n<tr class='row_even'>\n<td><figure id=\"attachment_1446\" aria-describedby=\"caption-attachment-1446\" style=\"width: 800px\" class=\"wp-caption aligncenter\"><img loading=\"lazy\" decoding=\"async\" class=\" aligncenter size-full wp-image-1446\" src=\"http:\/\/dreamnev.eu\/wp-content\/uploads\/2007\/12\/niko_bus.jpg\" alt=\"Niko in the Bus.\" title=\"Niko in the Bus.\" class=\"caption\" data-description=\"Photo Denis\" align=\"center\" width=\"800\" height=\"533\" \/><figcaption id=\"caption-attachment-1446\" class=\"wp-caption-text\">Niko in the Bus.<\/figcaption><\/figure><\/td>\n<td><figure id=\"attachment_1439\" aria-describedby=\"caption-attachment-1439\" style=\"width: 450px\" class=\"wp-caption aligncenter\"><img loading=\"lazy\" decoding=\"async\" class=\" aligncenter size-full wp-image-1439\" src=\"http:\/\/dreamnev.eu\/wp-content\/uploads\/2007\/12\/chute_bus.jpg\" alt=\"Une chute sur la route, direction la Virgen.\" title=\"Une chute sur la route, direction la Virgen.\" class=\"caption\" data-description=\"Photo Olive\" align=\"center\" width=\"450\" height=\"600\" \/><figcaption id=\"caption-attachment-1439\" class=\"wp-caption-text\">Une chute sur la route, direction la Virgen.<\/figcaption><\/figure><\/td>\n<\/tr>\n<tr class='row_odd'>\n<td><figure id=\"attachment_1437\" aria-describedby=\"caption-attachment-1437\" style=\"width: 800px\" class=\"wp-caption aligncenter\"><img loading=\"lazy\" decoding=\"async\" class=\" aligncenter size-full wp-image-1437\" src=\"http:\/\/dreamnev.eu\/wp-content\/uploads\/2007\/12\/la_virgen.jpg\" alt=\"Le village de La Virgen\" title=\"Le village de La Virgen\" class=\"caption\" data-description=\"Photo Denis\" align=\"center\" width=\"800\" height=\"600\" \/><figcaption id=\"caption-attachment-1437\" class=\"wp-caption-text\">Le village de La Virgen<\/figcaption><\/figure><\/td>\n<\/tr>\n<\/tbody>\n<\/table>\n<p>&#8211;<strong>La Virgen<\/strong><\/p>\n<p>Le village de La Virgen est tout en longueur et longe la route. Il y a les commodit\u00e9s n\u00e9cessaires : super march\u00e9, banque, Internet, boulangerie, station essence et garagiste.<br \/>\nIl faut trouver un taxi local pour nous disposer chez Pedro, \u00e0 3 km du village.<\/p>\n<p>&#8211;<strong>Finca Pedro y el Lobo<\/strong><\/p>\n<p>Quand tu arrives enfin \u00e0 la Finca de Pedro, tu vas d\u00e9couvrir un havre de paix. De la jungle, des oiseaux et du calme. Peter vit ici depuis plus de 15 ans. Kayakiste allemand, il a pos\u00e9 son sac pour un coin du monde bien calme. Son habitation est une invitation au repos. Le terrain est tr\u00e8s vaste, plus de 8 hectares. Mais le jardin est tr\u00e8s bien entretenu. 3 b\u00e2timents se trouvent sur la propri\u00e9t\u00e9. Le principal permet de recevoir des h\u00f4tes, dans de magnifiques chambres, avec la douche et les WC. Le jacuzzi chauff\u00e9 au feu de bois te permet de prendre l&rsquo;ap\u00e9ro dans de tr\u00e8s bonnes conditions, no comment.<\/p>\n<table>\n<tbody>\n<tr class='row_even'>\n<td><figure id=\"attachment_1447\" aria-describedby=\"caption-attachment-1447\" style=\"width: 800px\" class=\"wp-caption aligncenter\"><img loading=\"lazy\" decoding=\"async\" class=\" aligncenter size-full wp-image-1447\" src=\"http:\/\/dreamnev.eu\/wp-content\/uploads\/2007\/12\/Logo_pedro.jpg\" alt=\"Le logo de Pedro\" title=\"Le logo de Pedro\" class=\"caption\" data-description=\"Photo Niko\" align=\"center\" width=\"800\" height=\"645\" \/><figcaption id=\"caption-attachment-1447\" class=\"wp-caption-text\">Le logo de Pedro<\/figcaption><\/figure><\/td>\n<td><figure id=\"attachment_1448\" aria-describedby=\"caption-attachment-1448\" style=\"width: 450px\" class=\"wp-caption aligncenter\"><img loading=\"lazy\" decoding=\"async\" class=\" aligncenter size-full wp-image-1448\" src=\"http:\/\/dreamnev.eu\/wp-content\/uploads\/2007\/12\/pedro_lobo.jpg\" alt=\"Peter, le propri&eacute;taire de Finca Pedro.\" title=\"Peter, le propri&eacute;taire de Finca Pedro.\" class=\"caption\" data-description=\"Photo Niko\" align=\"center\" width=\"450\" height=\"600\" \/><figcaption id=\"caption-attachment-1448\" class=\"wp-caption-text\">Peter, le propri&eacute;taire de Finca Pedro.<\/figcaption><\/figure><\/td>\n<\/tr>\n<tr class='row_odd'>\n<td><figure id=\"attachment_1449\" aria-describedby=\"caption-attachment-1449\" style=\"width: 800px\" class=\"wp-caption aligncenter\"><img loading=\"lazy\" decoding=\"async\" class=\" aligncenter size-full wp-image-1449\" src=\"http:\/\/dreamnev.eu\/wp-content\/uploads\/2007\/12\/jardin_1.jpg\" alt=\"Le jardin du lodge.\" title=\"Le jardin du lodge.\" class=\"caption\" data-description=\"Photo Denis\" align=\"center\" width=\"800\" height=\"533\" \/><figcaption id=\"caption-attachment-1449\" class=\"wp-caption-text\">Le jardin du lodge.<\/figcaption><\/figure><\/td>\n<td><figure id=\"attachment_1450\" aria-describedby=\"caption-attachment-1450\" style=\"width: 800px\" class=\"wp-caption aligncenter\"><img loading=\"lazy\" decoding=\"async\" class=\" aligncenter size-full wp-image-1450\" src=\"http:\/\/dreamnev.eu\/wp-content\/uploads\/2007\/12\/jardin_maison.jpg\" alt=\"Le lodge depuis la for&ecirc;t.\" title=\"Le lodge depuis la for&ecirc;t.\" class=\"caption\" data-description=\"Photo Denis\" align=\"center\" width=\"800\" height=\"600\" \/><figcaption id=\"caption-attachment-1450\" class=\"wp-caption-text\">Le lodge depuis la for&ecirc;t.<\/figcaption><\/figure><\/td>\n<\/tr>\n<tr class='row_even'>\n<td><figure id=\"attachment_1451\" aria-describedby=\"caption-attachment-1451\" style=\"width: 800px\" class=\"wp-caption aligncenter\"><img loading=\"lazy\" decoding=\"async\" class=\" aligncenter size-full wp-image-1451\" src=\"http:\/\/dreamnev.eu\/wp-content\/uploads\/2007\/12\/maison.jpg\" alt=\"Le lodge.\" title=\"Le lodge.\" class=\"caption\" data-description=\"Photo G&eacute;g&eacute;\" align=\"center\" width=\"800\" height=\"600\" \/><figcaption id=\"caption-attachment-1451\" class=\"wp-caption-text\">Le lodge.<\/figcaption><\/figure><\/td>\n<td><figure id=\"attachment_1452\" aria-describedby=\"caption-attachment-1452\" style=\"width: 400px\" class=\"wp-caption aligncenter\"><img loading=\"lazy\" decoding=\"async\" class=\" aligncenter size-full wp-image-1452\" src=\"http:\/\/dreamnev.eu\/wp-content\/uploads\/2007\/12\/maison_1.jpg\" alt=\"Le lodge.\" title=\"Le lodge.\" class=\"caption\" data-description=\"Photo Denis\" align=\"center\" width=\"400\" height=\"600\" srcset=\"https:\/\/dreamnev.org\/wp-content\/uploads\/2007\/12\/maison_1.jpg 400w, https:\/\/dreamnev.org\/wp-content\/uploads\/2007\/12\/maison_1-200x300.jpg 200w\" sizes=\"auto, (max-width: 400px) 100vw, 400px\" \/><figcaption id=\"caption-attachment-1452\" class=\"wp-caption-text\">Le lodge.<\/figcaption><\/figure><\/td>\n<\/tr>\n<tr class='row_odd'>\n<td><figure id=\"attachment_1453\" aria-describedby=\"caption-attachment-1453\" style=\"width: 800px\" class=\"wp-caption aligncenter\"><img loading=\"lazy\" decoding=\"async\" class=\" aligncenter size-full wp-image-1453\" src=\"http:\/\/dreamnev.eu\/wp-content\/uploads\/2007\/12\/jacussi.jpg\" alt=\"Le jacuzzi, coin d&eacute;tente.\" title=\"Le jacuzzi, coin d&eacute;tente.\" class=\"caption\" data-description=\"Photo G&eacute;g&eacute;\" align=\"center\" width=\"800\" height=\"600\" \/><figcaption id=\"caption-attachment-1453\" class=\"wp-caption-text\">Le jacuzzi, coin d&eacute;tente.<\/figcaption><\/figure><\/td>\n<td><figure id=\"attachment_1454\" aria-describedby=\"caption-attachment-1454\" style=\"width: 450px\" class=\"wp-caption aligncenter\"><img loading=\"lazy\" decoding=\"async\" class=\" aligncenter size-full wp-image-1454\" src=\"http:\/\/dreamnev.eu\/wp-content\/uploads\/2007\/12\/jacussi_1.jpg\" alt=\"Un petit bain dans le jacuzzi ?\" title=\"Un petit bain dans le jacuzzi ?\" class=\"caption\" data-description=\"Photo G&eacute;g&eacute;\" align=\"center\" width=\"450\" height=\"600\" \/><figcaption id=\"caption-attachment-1454\" class=\"wp-caption-text\">Un petit bain dans le jacuzzi ?<\/figcaption><\/figure><\/td>\n<\/tr>\n<tr class='row_even'>\n<td><figure id=\"attachment_1455\" aria-describedby=\"caption-attachment-1455\" style=\"width: 800px\" class=\"wp-caption aligncenter\"><img loading=\"lazy\" decoding=\"async\" class=\" aligncenter size-full wp-image-1455\" src=\"http:\/\/dreamnev.eu\/wp-content\/uploads\/2007\/12\/gege_dort.jpg\" alt=\"G&eacute;g&eacute; tu dors ? Le balcon de la sieste.\" title=\"G&eacute;g&eacute; tu dors ? Le balcon de la sieste.\" class=\"caption\" data-description=\"Photo G&eacute;g&eacute;\" align=\"center\" width=\"800\" height=\"600\" \/><figcaption id=\"caption-attachment-1455\" class=\"wp-caption-text\">G&eacute;g&eacute; tu dors ? Le balcon de la sieste.<\/figcaption><\/figure><\/td>\n<td><figure id=\"attachment_1456\" aria-describedby=\"caption-attachment-1456\" style=\"width: 450px\" class=\"wp-caption aligncenter\"><img loading=\"lazy\" decoding=\"async\" class=\" aligncenter size-full wp-image-1456\" src=\"http:\/\/dreamnev.eu\/wp-content\/uploads\/2007\/12\/plante_1.jpg\" alt=\"Une plante du jardin de Pedro.\" title=\"Une plante du jardin de Pedro.\" class=\"caption\" data-description=\"Photo Denis\" align=\"center\" width=\"450\" height=\"600\" \/><figcaption id=\"caption-attachment-1456\" class=\"wp-caption-text\">Une plante du jardin de Pedro.<\/figcaption><\/figure><\/td>\n<\/tr>\n<tr class='row_odd'>\n<td><figure id=\"attachment_1457\" aria-describedby=\"caption-attachment-1457\" style=\"width: 450px\" class=\"wp-caption aligncenter\"><img loading=\"lazy\" decoding=\"async\" class=\" aligncenter size-full wp-image-1457\" src=\"http:\/\/dreamnev.eu\/wp-content\/uploads\/2007\/12\/plante.jpg\" alt=\"Une plante inconnue.\" title=\"Une plante inconnue.\" class=\"caption\" data-description=\"Photo Denis\" align=\"center\" width=\"450\" height=\"600\" \/><figcaption id=\"caption-attachment-1457\" class=\"wp-caption-text\">Une plante inconnue.<\/figcaption><\/figure><\/td>\n<td><figure id=\"attachment_1458\" aria-describedby=\"caption-attachment-1458\" style=\"width: 450px\" class=\"wp-caption aligncenter\"><img loading=\"lazy\" decoding=\"async\" class=\" aligncenter size-full wp-image-1458\" src=\"http:\/\/dreamnev.eu\/wp-content\/uploads\/2007\/12\/instecte_1.jpg\" alt=\"Instecte local.\" title=\"Instecte local.\" class=\"caption\" data-description=\"Photo Olive\" align=\"center\" width=\"450\" height=\"600\" \/><figcaption id=\"caption-attachment-1458\" class=\"wp-caption-text\">Instecte local.<\/figcaption><\/figure><\/td>\n<\/tr>\n<tr class='row_even'>\n<td><figure id=\"attachment_1459\" aria-describedby=\"caption-attachment-1459\" style=\"width: 800px\" class=\"wp-caption aligncenter\"><img loading=\"lazy\" decoding=\"async\" class=\" aligncenter size-full wp-image-1459\" src=\"http:\/\/dreamnev.eu\/wp-content\/uploads\/2007\/12\/colibri_1.jpg\" alt=\"Le colibri.\" title=\"Le colibri.\" class=\"caption\" data-description=\"Photo Denis\" align=\"center\" width=\"800\" height=\"533\" \/><figcaption id=\"caption-attachment-1459\" class=\"wp-caption-text\">Le colibri.<\/figcaption><\/figure><\/td>\n<td><figure id=\"attachment_1460\" aria-describedby=\"caption-attachment-1460\" style=\"width: 800px\" class=\"wp-caption aligncenter\"><img loading=\"lazy\" decoding=\"async\" class=\" aligncenter size-full wp-image-1460\" src=\"http:\/\/dreamnev.eu\/wp-content\/uploads\/2007\/12\/jardin.jpg\" alt=\"Le jardin du lodge.\" title=\"Le jardin du lodge.\" class=\"caption\" data-description=\"Photo Denis\" align=\"center\" width=\"800\" height=\"600\" srcset=\"https:\/\/dreamnev.org\/wp-content\/uploads\/2007\/12\/jardin.jpg 800w, https:\/\/dreamnev.org\/wp-content\/uploads\/2007\/12\/jardin-300x225.jpg 300w, https:\/\/dreamnev.org\/wp-content\/uploads\/2007\/12\/jardin-768x576.jpg 768w\" sizes=\"auto, (max-width: 800px) 100vw, 800px\" \/><figcaption id=\"caption-attachment-1460\" class=\"wp-caption-text\">Le jardin du lodge.<\/figcaption><\/figure><\/td>\n<\/tr>\n<\/tbody>\n<\/table>\n<p>Les repas sont pris en commun sur la grande table familiale. Sous le couvert, mais \u00e0 l&rsquo;ext\u00e9rieur. Denis s&rsquo;occupe des grillades et nous de l&rsquo;a\u00e9pro !!! <\/p>\n<p>Le tarif est plus que correct, vu la situation du lodge et les services propos\u00e9s. Il faut compter pour une nuit, 15$ par personne avec le petit-d\u00e9jeuner. Le repas du soir est \u00e0 5$, tout le monde participe et l&rsquo;on met volontiers la main \u00e0 la p\u00e2te. Le petit d\u00e9jeuner est tr\u00e8s copieux ; c\u00e9r\u00e9ales, pain, lait, caf\u00e9, th\u00e9, jus maison, omelettes et fruits frais, pour bien commencer la journ\u00e9e. Les chambres sont  propres, lit avec couverture et draps. Il y a 2 salles de bains et WC. <\/p>\n<table>\n<tbody>\n<tr class='row_even'>\n<td><figure id=\"attachment_1461\" aria-describedby=\"caption-attachment-1461\" style=\"width: 400px\" class=\"wp-caption aligncenter\"><img loading=\"lazy\" decoding=\"async\" class=\" aligncenter size-full wp-image-1461\" src=\"http:\/\/dreamnev.eu\/wp-content\/uploads\/2007\/12\/grillade_1.jpg\" alt=\"Denis fait les grillades.\" title=\"Denis fait les grillades.\" class=\"caption\" data-description=\"Photo Niko\" align=\"center\" width=\"400\" height=\"600\" \/><figcaption id=\"caption-attachment-1461\" class=\"wp-caption-text\">Denis fait les grillades.<\/figcaption><\/figure><\/td>\n<td><figure id=\"attachment_1462\" aria-describedby=\"caption-attachment-1462\" style=\"width: 800px\" class=\"wp-caption aligncenter\"><img loading=\"lazy\" decoding=\"async\" class=\" aligncenter size-full wp-image-1462\" src=\"http:\/\/dreamnev.eu\/wp-content\/uploads\/2007\/12\/repas_soir_1.jpg\" alt=\"Repas du soir.\" title=\"Repas du soir.\" class=\"caption\" data-description=\"Photo Olive\" align=\"center\" width=\"800\" height=\"600\" \/><figcaption id=\"caption-attachment-1462\" class=\"wp-caption-text\">Repas du soir.<\/figcaption><\/figure><\/td>\n<\/tr>\n<tr class='row_odd'>\n<td><figure id=\"attachment_1463\" aria-describedby=\"caption-attachment-1463\" style=\"width: 800px\" class=\"wp-caption aligncenter\"><img loading=\"lazy\" decoding=\"async\" class=\" aligncenter size-full wp-image-1463\" src=\"http:\/\/dreamnev.eu\/wp-content\/uploads\/2007\/12\/repas_soir.jpg\" alt=\"Repas du soir.\" title=\"Repas du soir.\" class=\"caption\" data-description=\"Photo Olive\" align=\"center\" width=\"800\" height=\"600\" srcset=\"https:\/\/dreamnev.org\/wp-content\/uploads\/2007\/12\/repas_soir.jpg 800w, https:\/\/dreamnev.org\/wp-content\/uploads\/2007\/12\/repas_soir-300x225.jpg 300w, https:\/\/dreamnev.org\/wp-content\/uploads\/2007\/12\/repas_soir-768x576.jpg 768w\" sizes=\"auto, (max-width: 800px) 100vw, 800px\" \/><figcaption id=\"caption-attachment-1463\" class=\"wp-caption-text\">Repas du soir.<\/figcaption><\/figure><\/td>\n<td><figure id=\"attachment_1464\" aria-describedby=\"caption-attachment-1464\" style=\"width: 450px\" class=\"wp-caption aligncenter\"><img loading=\"lazy\" decoding=\"async\" class=\" aligncenter size-full wp-image-1464\" src=\"http:\/\/dreamnev.eu\/wp-content\/uploads\/2007\/12\/repas_soir_2.jpg\" alt=\"A table...\" title=\"A table...\" class=\"caption\" data-description=\"Photo G&eacute;g&eacute;\" align=\"center\" width=\"450\" height=\"600\" \/><figcaption id=\"caption-attachment-1464\" class=\"wp-caption-text\">A table&#8230;<\/figcaption><\/figure><\/td>\n<\/tr>\n<tr class='row_even'>\n<td><figure id=\"attachment_1465\" aria-describedby=\"caption-attachment-1465\" style=\"width: 800px\" class=\"wp-caption aligncenter\"><img loading=\"lazy\" decoding=\"async\" class=\" aligncenter size-full wp-image-1465\" src=\"http:\/\/dreamnev.eu\/wp-content\/uploads\/2007\/12\/petit_dej.jpg\" alt=\"Un petit d&eacute;j m&eacute;ga costaud.\" title=\"Un petit d&eacute;j m&eacute;ga costaud.\" class=\"caption\" data-description=\"Photo Denis\" align=\"center\" width=\"800\" height=\"533\" \/><figcaption id=\"caption-attachment-1465\" class=\"wp-caption-text\">Un petit d&eacute;j m&eacute;ga costaud.<\/figcaption><\/figure><\/td>\n<\/tr>\n<\/tbody>\n<\/table>\n<p>Pedro conna\u00eet tr\u00e8s bien les rivi\u00e8res du pays, il les a toutes navigu\u00e9. Il apporte donc un vrai plus \u00e0 votre s\u00e9jour. Car il va vous faire gagner du temps dans vos d\u00e9placements. Il n&rsquo;est pas facile de trouver les acc\u00e8s et sortie des rivi\u00e8res. Il vaut mieux faire confiance \u00e0 une personne du pays. Pedro propose un service tr\u00e8s simple, il prend 10$ de l&rsquo;heure, pour faire vos navettes. Ce prix comprend la location de son v\u00e9hicule et l&rsquo;essence. Mais surtout une garantie d&rsquo;avoir vos affaires \u00e0 l&rsquo;arriv\u00e9e !!!<br \/>\nPendant ses moments de repos, il construit de PATATO-Gun. Un pistolet \u00e0 projection de patate. Rires assur\u00e9s&#8230;..<\/p>\n<p>&#8211; Pour trouver Pedro : <a href=\"http:\/\/www.fincapedro.com\">http:\/\/www.fincapedro.com<\/a><\/p>\n<table>\n<tbody>\n<tr class='row_even'>\n<td><figure id=\"attachment_1466\" aria-describedby=\"caption-attachment-1466\" style=\"width: 450px\" class=\"wp-caption aligncenter\"><img loading=\"lazy\" decoding=\"async\" class=\" aligncenter size-full wp-image-1466\" src=\"http:\/\/dreamnev.eu\/wp-content\/uploads\/2007\/12\/gun_patate.jpg\" alt=\"Pedro et son gun Patate, bouuumm\" title=\"Pedro et son gun Patate, bouuumm\" class=\"caption\" data-description=\"Photo Olive\" align=\"center\" width=\"450\" height=\"600\" \/><figcaption id=\"caption-attachment-1466\" class=\"wp-caption-text\">Pedro et son gun Patate, bouuumm<\/figcaption><\/figure><\/td>\n<td><figure id=\"attachment_1467\" aria-describedby=\"caption-attachment-1467\" style=\"width: 450px\" class=\"wp-caption aligncenter\"><img loading=\"lazy\" decoding=\"async\" class=\" aligncenter size-full wp-image-1467\" src=\"http:\/\/dreamnev.eu\/wp-content\/uploads\/2007\/12\/gun_patate_3.jpg\" alt=\"3, 2, 1, feu.\" title=\"3, 2, 1, feu.\" class=\"caption\" data-description=\"Photo Olive\" align=\"center\" width=\"450\" height=\"600\" \/><figcaption id=\"caption-attachment-1467\" class=\"wp-caption-text\">3, 2, 1, feu.<\/figcaption><\/figure><\/td>\n<\/tr>\n<\/tbody>\n<\/table>\n<p>La suite \u00e0 lire ici : <a href=\"article477.html\">03. Costa Rica 2006 &#8211; Lundi 13 et mardi 14 novembre<\/a><br \/>\n<div id='gallery-1' class='gallery galleryid-1468 gallery-columns-3 gallery-size-thumbnail'><figure class='gallery-item'>\n\t\t\t<div class='gallery-icon landscape'>\n\t\t\t\t<a href='https:\/\/dreamnev.org\/wp-content\/uploads\/2007\/12\/Aero_zurich.jpg'><img loading=\"lazy\" decoding=\"async\" width=\"150\" height=\"150\" src=\"https:\/\/dreamnev.org\/wp-content\/uploads\/2007\/12\/Aero_zurich-150x150.jpg\" class=\"attachment-thumbnail size-thumbnail\" alt=\"Ap\u00e9ro \u00e0 Z\u00fcrich\" aria-describedby=\"gallery-1-1435\" \/><\/a>\n\t\t\t<\/div>\n\t\t\t\t<figcaption class='wp-caption-text gallery-caption' id='gallery-1-1435'>\n\t\t\t\tAp\u00e9ro \u00e0 Z\u00fcrich\n\t\t\t\t<\/figcaption><\/figure><figure class='gallery-item'>\n\t\t\t<div class='gallery-icon landscape'>\n\t\t\t\t<a href='https:\/\/dreamnev.org\/wp-content\/uploads\/2007\/12\/Apero_gege_denis.jpg'><img loading=\"lazy\" decoding=\"async\" width=\"150\" height=\"150\" src=\"https:\/\/dreamnev.org\/wp-content\/uploads\/2007\/12\/Apero_gege_denis-150x150.jpg\" class=\"attachment-thumbnail size-thumbnail\" alt=\"Tchin... Welcome \u00e0 San Jos\u00e9\" aria-describedby=\"gallery-1-1440\" \/><\/a>\n\t\t\t<\/div>\n\t\t\t\t<figcaption class='wp-caption-text gallery-caption' id='gallery-1-1440'>\n\t\t\t\tTchin&#8230; Welcome \u00e0 San Jos\u00e9\n\t\t\t\t<\/figcaption><\/figure><figure class='gallery-item'>\n\t\t\t<div class='gallery-icon landscape'>\n\t\t\t\t<a href='https:\/\/dreamnev.org\/wp-content\/uploads\/2007\/12\/bus_san_jose.jpg'><img loading=\"lazy\" decoding=\"async\" width=\"150\" height=\"150\" src=\"https:\/\/dreamnev.org\/wp-content\/uploads\/2007\/12\/bus_san_jose-150x150.jpg\" class=\"attachment-thumbnail size-thumbnail\" alt=\"On monte dans le bus ?\" aria-describedby=\"gallery-1-1445\" \/><\/a>\n\t\t\t<\/div>\n\t\t\t\t<figcaption class='wp-caption-text gallery-caption' id='gallery-1-1445'>\n\t\t\t\tOn monte dans le bus ?\n\t\t\t\t<\/figcaption><\/figure><figure class='gallery-item'>\n\t\t\t<div class='gallery-icon landscape'>\n\t\t\t\t<a href='https:\/\/dreamnev.org\/wp-content\/uploads\/2007\/12\/gare_routiere_san_jose.jpg'><img loading=\"lazy\" decoding=\"async\" width=\"150\" height=\"150\" src=\"https:\/\/dreamnev.org\/wp-content\/uploads\/2007\/12\/gare_routiere_san_jose-150x150.jpg\" class=\"attachment-thumbnail size-thumbnail\" alt=\"La gare routi\u00e8re de San Jos\u00e9\" aria-describedby=\"gallery-1-1442\" \/><\/a>\n\t\t\t<\/div>\n\t\t\t\t<figcaption class='wp-caption-text gallery-caption' id='gallery-1-1442'>\n\t\t\t\tLa gare routi\u00e8re de San Jos\u00e9\n\t\t\t\t<\/figcaption><\/figure><figure class='gallery-item'>\n\t\t\t<div class='gallery-icon landscape'>\n\t\t\t\t<a href='https:\/\/dreamnev.org\/wp-content\/uploads\/2007\/02\/Hotel_dona_hilda.jpg'><img loading=\"lazy\" decoding=\"async\" width=\"150\" height=\"150\" src=\"https:\/\/dreamnev.org\/wp-content\/uploads\/2007\/02\/Hotel_dona_hilda-150x150.jpg\" class=\"attachment-thumbnail size-thumbnail\" alt=\"Photo Olive\" aria-describedby=\"gallery-1-1469\" \/><\/a>\n\t\t\t<\/div>\n\t\t\t\t<figcaption class='wp-caption-text gallery-caption' id='gallery-1-1469'>\n\t\t\t\tPhoto Olive\n\t\t\t\t<\/figcaption><\/figure><figure class='gallery-item'>\n\t\t\t<div class='gallery-icon landscape'>\n\t\t\t\t<a href='https:\/\/dreamnev.org\/wp-content\/uploads\/2007\/12\/la_virgen.jpg'><img loading=\"lazy\" decoding=\"async\" width=\"150\" height=\"150\" src=\"https:\/\/dreamnev.org\/wp-content\/uploads\/2007\/12\/la_virgen-150x150.jpg\" class=\"attachment-thumbnail size-thumbnail\" alt=\"Le village de La Virgen\" aria-describedby=\"gallery-1-1437\" \/><\/a>\n\t\t\t<\/div>\n\t\t\t\t<figcaption class='wp-caption-text gallery-caption' id='gallery-1-1437'>\n\t\t\t\tLe village de La Virgen\n\t\t\t\t<\/figcaption><\/figure><figure class='gallery-item'>\n\t\t\t<div class='gallery-icon landscape'>\n\t\t\t\t<a href='https:\/\/dreamnev.org\/wp-content\/uploads\/2007\/12\/niko_bus.jpg'><img loading=\"lazy\" decoding=\"async\" width=\"150\" height=\"150\" src=\"https:\/\/dreamnev.org\/wp-content\/uploads\/2007\/12\/niko_bus-150x150.jpg\" class=\"attachment-thumbnail size-thumbnail\" alt=\"Niko in the Bus.\" aria-describedby=\"gallery-1-1446\" \/><\/a>\n\t\t\t<\/div>\n\t\t\t\t<figcaption class='wp-caption-text gallery-caption' id='gallery-1-1446'>\n\t\t\t\tNiko in the Bus.\n\t\t\t\t<\/figcaption><\/figure><figure class='gallery-item'>\n\t\t\t<div class='gallery-icon landscape'>\n\t\t\t\t<a href='https:\/\/dreamnev.org\/wp-content\/uploads\/2007\/12\/niko_dort.jpg'><img loading=\"lazy\" decoding=\"async\" width=\"150\" height=\"150\" src=\"https:\/\/dreamnev.org\/wp-content\/uploads\/2007\/12\/niko_dort-150x150.jpg\" class=\"attachment-thumbnail size-thumbnail\" alt=\"Dodo &agrave; Miami...\" aria-describedby=\"gallery-1-1436\" \/><\/a>\n\t\t\t<\/div>\n\t\t\t\t<figcaption class='wp-caption-text gallery-caption' id='gallery-1-1436'>\n\t\t\t\tDodo &agrave; Miami&#8230;\n\t\t\t\t<\/figcaption><\/figure><figure class='gallery-item'>\n\t\t\t<div class='gallery-icon landscape'>\n\t\t\t\t<a href='https:\/\/dreamnev.org\/wp-content\/uploads\/2007\/12\/olive_police.jpg'><img loading=\"lazy\" decoding=\"async\" width=\"150\" height=\"150\" src=\"https:\/\/dreamnev.org\/wp-content\/uploads\/2007\/12\/olive_police-150x150.jpg\" class=\"attachment-thumbnail size-thumbnail\" alt=\"Olive croise des coll&egrave;gues.\" aria-describedby=\"gallery-1-1441\" \/><\/a>\n\t\t\t<\/div>\n\t\t\t\t<figcaption class='wp-caption-text gallery-caption' id='gallery-1-1441'>\n\t\t\t\tOlive croise des coll&egrave;gues.\n\t\t\t\t<\/figcaption><\/figure><figure class='gallery-item'>\n\t\t\t<div class='gallery-icon portrait'>\n\t\t\t\t<a href='https:\/\/dreamnev.org\/wp-content\/uploads\/2007\/02\/chambre_dona_hilda.jpg'><img loading=\"lazy\" decoding=\"async\" width=\"150\" height=\"150\" src=\"https:\/\/dreamnev.org\/wp-content\/uploads\/2007\/02\/chambre_dona_hilda-150x150.jpg\" class=\"attachment-thumbnail size-thumbnail\" alt=\"H&ocirc;tel Dona Hilda, la chambre.\" aria-describedby=\"gallery-1-1470\" \/><\/a>\n\t\t\t<\/div>\n\t\t\t\t<figcaption class='wp-caption-text gallery-caption' id='gallery-1-1470'>\n\t\t\t\tH&ocirc;tel Dona Hilda, la chambre.\n\t\t\t\t<\/figcaption><\/figure><figure class='gallery-item'>\n\t\t\t<div class='gallery-icon portrait'>\n\t\t\t\t<a href='https:\/\/dreamnev.org\/wp-content\/uploads\/2007\/12\/chute_bus.jpg'><img loading=\"lazy\" decoding=\"async\" width=\"150\" height=\"150\" src=\"https:\/\/dreamnev.org\/wp-content\/uploads\/2007\/12\/chute_bus-150x150.jpg\" class=\"attachment-thumbnail size-thumbnail\" alt=\"Une chute sur la route, direction la Virgen.\" aria-describedby=\"gallery-1-1439\" \/><\/a>\n\t\t\t<\/div>\n\t\t\t\t<figcaption class='wp-caption-text gallery-caption' id='gallery-1-1439'>\n\t\t\t\tUne chute sur la route, direction la Virgen.\n\t\t\t\t<\/figcaption><\/figure><figure class='gallery-item'>\n\t\t\t<div class='gallery-icon portrait'>\n\t\t\t\t<a href='https:\/\/dreamnev.org\/wp-content\/uploads\/2007\/12\/gare_routiere_denis.jpg'><img loading=\"lazy\" decoding=\"async\" width=\"150\" height=\"150\" src=\"https:\/\/dreamnev.org\/wp-content\/uploads\/2007\/12\/gare_routiere_denis-150x150.jpg\" class=\"attachment-thumbnail size-thumbnail\" alt=\"Denis attend le bus.\" aria-describedby=\"gallery-1-1443\" \/><\/a>\n\t\t\t<\/div>\n\t\t\t\t<figcaption class='wp-caption-text gallery-caption' id='gallery-1-1443'>\n\t\t\t\tDenis attend le bus.\n\t\t\t\t<\/figcaption><\/figure><figure class='gallery-item'>\n\t\t\t<div class='gallery-icon portrait'>\n\t\t\t\t<a href='https:\/\/dreamnev.org\/wp-content\/uploads\/2007\/12\/gare_routiere_niko.jpg'><img loading=\"lazy\" decoding=\"async\" width=\"150\" height=\"150\" src=\"https:\/\/dreamnev.org\/wp-content\/uploads\/2007\/12\/gare_routiere_niko-150x150.jpg\" class=\"attachment-thumbnail size-thumbnail\" alt=\"Niko surveille les sacs.\" aria-describedby=\"gallery-1-1444\" \/><\/a>\n\t\t\t<\/div>\n\t\t\t\t<figcaption class='wp-caption-text gallery-caption' id='gallery-1-1444'>\n\t\t\t\tNiko surveille les sacs.\n\t\t\t\t<\/figcaption><\/figure><figure class='gallery-item'>\n\t\t\t<div class='gallery-icon portrait'>\n\t\t\t\t<a href='https:\/\/dreamnev.org\/wp-content\/uploads\/2007\/12\/petie_dej_hilda.jpg'><img loading=\"lazy\" decoding=\"async\" width=\"150\" height=\"150\" src=\"https:\/\/dreamnev.org\/wp-content\/uploads\/2007\/12\/petie_dej_hilda-150x150.jpg\" class=\"attachment-thumbnail size-thumbnail\" alt=\"Petit-d&eacute;j, &agrave; l&#039;h&ocirc;tel Hilda.\" aria-describedby=\"gallery-1-1438\" \/><\/a>\n\t\t\t<\/div>\n\t\t\t\t<figcaption class='wp-caption-text gallery-caption' id='gallery-1-1438'>\n\t\t\t\tPetit-d&eacute;j, &agrave; l&rsquo;h&ocirc;tel Hilda.\n\t\t\t\t<\/figcaption><\/figure><figure class='gallery-item'>\n\t\t\t<div class='gallery-icon landscape'>\n\t\t\t\t<a href='https:\/\/dreamnev.org\/wp-content\/uploads\/2007\/02\/colibir.jpg'><img loading=\"lazy\" decoding=\"async\" width=\"150\" height=\"150\" src=\"https:\/\/dreamnev.org\/wp-content\/uploads\/2007\/02\/colibir-150x150.jpg\" class=\"attachment-thumbnail size-thumbnail\" alt=\"Le colibri.\" aria-describedby=\"gallery-1-1471\" \/><\/a>\n\t\t\t<\/div>\n\t\t\t\t<figcaption class='wp-caption-text gallery-caption' id='gallery-1-1471'>\n\t\t\t\tLe colibri.\n\t\t\t\t<\/figcaption><\/figure><figure class='gallery-item'>\n\t\t\t<div class='gallery-icon landscape'>\n\t\t\t\t<a href='https:\/\/dreamnev.org\/wp-content\/uploads\/2007\/12\/colibri_1.jpg'><img loading=\"lazy\" decoding=\"async\" width=\"150\" height=\"150\" src=\"https:\/\/dreamnev.org\/wp-content\/uploads\/2007\/12\/colibri_1-150x150.jpg\" class=\"attachment-thumbnail size-thumbnail\" alt=\"Le colibri.\" aria-describedby=\"gallery-1-1459\" \/><\/a>\n\t\t\t<\/div>\n\t\t\t\t<figcaption class='wp-caption-text gallery-caption' id='gallery-1-1459'>\n\t\t\t\tLe colibri.\n\t\t\t\t<\/figcaption><\/figure><figure class='gallery-item'>\n\t\t\t<div class='gallery-icon landscape'>\n\t\t\t\t<a href='https:\/\/dreamnev.org\/wp-content\/uploads\/2007\/12\/gege_dort.jpg'><img loading=\"lazy\" decoding=\"async\" width=\"150\" height=\"150\" src=\"https:\/\/dreamnev.org\/wp-content\/uploads\/2007\/12\/gege_dort-150x150.jpg\" class=\"attachment-thumbnail size-thumbnail\" alt=\"G&eacute;g&eacute; tu dors ? Le balcon de la sieste.\" aria-describedby=\"gallery-1-1455\" \/><\/a>\n\t\t\t<\/div>\n\t\t\t\t<figcaption class='wp-caption-text gallery-caption' id='gallery-1-1455'>\n\t\t\t\tG&eacute;g&eacute; tu dors ? Le balcon de la sieste.\n\t\t\t\t<\/figcaption><\/figure><figure class='gallery-item'>\n\t\t\t<div class='gallery-icon landscape'>\n\t\t\t\t<a href='https:\/\/dreamnev.org\/wp-content\/uploads\/2007\/12\/jacussi.jpg'><img loading=\"lazy\" decoding=\"async\" width=\"150\" height=\"150\" src=\"https:\/\/dreamnev.org\/wp-content\/uploads\/2007\/12\/jacussi-150x150.jpg\" class=\"attachment-thumbnail size-thumbnail\" alt=\"Le jacuzzi, coin d&eacute;tente.\" aria-describedby=\"gallery-1-1453\" \/><\/a>\n\t\t\t<\/div>\n\t\t\t\t<figcaption class='wp-caption-text gallery-caption' id='gallery-1-1453'>\n\t\t\t\tLe jacuzzi, coin d&eacute;tente.\n\t\t\t\t<\/figcaption><\/figure><figure class='gallery-item'>\n\t\t\t<div class='gallery-icon landscape'>\n\t\t\t\t<a href='https:\/\/dreamnev.org\/wp-content\/uploads\/2007\/12\/jardin_1.jpg'><img loading=\"lazy\" decoding=\"async\" width=\"150\" height=\"150\" src=\"https:\/\/dreamnev.org\/wp-content\/uploads\/2007\/12\/jardin_1-150x150.jpg\" class=\"attachment-thumbnail size-thumbnail\" alt=\"Le jardin du lodge.\" aria-describedby=\"gallery-1-1449\" \/><\/a>\n\t\t\t<\/div>\n\t\t\t\t<figcaption class='wp-caption-text gallery-caption' id='gallery-1-1449'>\n\t\t\t\tLe jardin du lodge.\n\t\t\t\t<\/figcaption><\/figure><figure class='gallery-item'>\n\t\t\t<div class='gallery-icon landscape'>\n\t\t\t\t<a href='https:\/\/dreamnev.org\/wp-content\/uploads\/2007\/12\/jardin_maison.jpg'><img loading=\"lazy\" decoding=\"async\" width=\"150\" height=\"150\" src=\"https:\/\/dreamnev.org\/wp-content\/uploads\/2007\/12\/jardin_maison-150x150.jpg\" class=\"attachment-thumbnail size-thumbnail\" alt=\"Le lodge depuis la for&ecirc;t.\" aria-describedby=\"gallery-1-1450\" \/><\/a>\n\t\t\t<\/div>\n\t\t\t\t<figcaption class='wp-caption-text gallery-caption' id='gallery-1-1450'>\n\t\t\t\tLe lodge depuis la for&ecirc;t.\n\t\t\t\t<\/figcaption><\/figure><figure class='gallery-item'>\n\t\t\t<div class='gallery-icon landscape'>\n\t\t\t\t<a href='https:\/\/dreamnev.org\/wp-content\/uploads\/2007\/02\/jardin.jpg'><img loading=\"lazy\" decoding=\"async\" width=\"150\" height=\"150\" src=\"https:\/\/dreamnev.org\/wp-content\/uploads\/2007\/02\/jardin-150x150.jpg\" class=\"attachment-thumbnail size-thumbnail\" alt=\"Le jardin du lodge.\" aria-describedby=\"gallery-1-1472\" \/><\/a>\n\t\t\t<\/div>\n\t\t\t\t<figcaption class='wp-caption-text gallery-caption' id='gallery-1-1472'>\n\t\t\t\tLe jardin du lodge.\n\t\t\t\t<\/figcaption><\/figure><figure class='gallery-item'>\n\t\t\t<div class='gallery-icon landscape'>\n\t\t\t\t<a href='https:\/\/dreamnev.org\/wp-content\/uploads\/2007\/12\/Logo_pedro.jpg'><img loading=\"lazy\" decoding=\"async\" width=\"150\" height=\"150\" src=\"https:\/\/dreamnev.org\/wp-content\/uploads\/2007\/12\/Logo_pedro-150x150.jpg\" class=\"attachment-thumbnail size-thumbnail\" alt=\"Le logo de Pedro\" aria-describedby=\"gallery-1-1447\" \/><\/a>\n\t\t\t<\/div>\n\t\t\t\t<figcaption class='wp-caption-text gallery-caption' id='gallery-1-1447'>\n\t\t\t\tLe logo de Pedro\n\t\t\t\t<\/figcaption><\/figure><figure class='gallery-item'>\n\t\t\t<div class='gallery-icon landscape'>\n\t\t\t\t<a href='https:\/\/dreamnev.org\/wp-content\/uploads\/2007\/12\/maison.jpg'><img loading=\"lazy\" decoding=\"async\" width=\"150\" height=\"150\" src=\"https:\/\/dreamnev.org\/wp-content\/uploads\/2007\/12\/maison-150x150.jpg\" class=\"attachment-thumbnail size-thumbnail\" alt=\"Le lodge.\" aria-describedby=\"gallery-1-1451\" \/><\/a>\n\t\t\t<\/div>\n\t\t\t\t<figcaption class='wp-caption-text gallery-caption' id='gallery-1-1451'>\n\t\t\t\tLe lodge.\n\t\t\t\t<\/figcaption><\/figure><figure class='gallery-item'>\n\t\t\t<div class='gallery-icon landscape'>\n\t\t\t\t<a href='https:\/\/dreamnev.org\/wp-content\/uploads\/2007\/12\/petit_dej.jpg'><img loading=\"lazy\" decoding=\"async\" width=\"150\" height=\"150\" src=\"https:\/\/dreamnev.org\/wp-content\/uploads\/2007\/12\/petit_dej-150x150.jpg\" class=\"attachment-thumbnail size-thumbnail\" alt=\"Un petit d&eacute;j m&eacute;ga costaud.\" aria-describedby=\"gallery-1-1465\" \/><\/a>\n\t\t\t<\/div>\n\t\t\t\t<figcaption class='wp-caption-text gallery-caption' id='gallery-1-1465'>\n\t\t\t\tUn petit d&eacute;j m&eacute;ga costaud.\n\t\t\t\t<\/figcaption><\/figure><figure class='gallery-item'>\n\t\t\t<div class='gallery-icon landscape'>\n\t\t\t\t<a href='https:\/\/dreamnev.org\/wp-content\/uploads\/2007\/12\/repas_soir_1.jpg'><img loading=\"lazy\" decoding=\"async\" width=\"150\" height=\"150\" src=\"https:\/\/dreamnev.org\/wp-content\/uploads\/2007\/12\/repas_soir_1-150x150.jpg\" class=\"attachment-thumbnail size-thumbnail\" alt=\"Repas du soir.\" aria-describedby=\"gallery-1-1462\" \/><\/a>\n\t\t\t<\/div>\n\t\t\t\t<figcaption class='wp-caption-text gallery-caption' id='gallery-1-1462'>\n\t\t\t\tRepas du soir.\n\t\t\t\t<\/figcaption><\/figure><figure class='gallery-item'>\n\t\t\t<div class='gallery-icon landscape'>\n\t\t\t\t<a href='https:\/\/dreamnev.org\/wp-content\/uploads\/2007\/02\/repas_soir.jpg'><img loading=\"lazy\" decoding=\"async\" width=\"150\" height=\"150\" src=\"https:\/\/dreamnev.org\/wp-content\/uploads\/2007\/02\/repas_soir-150x150.jpg\" class=\"attachment-thumbnail size-thumbnail\" alt=\"Repas du soir.\" aria-describedby=\"gallery-1-1473\" \/><\/a>\n\t\t\t<\/div>\n\t\t\t\t<figcaption class='wp-caption-text gallery-caption' id='gallery-1-1473'>\n\t\t\t\tRepas du soir.\n\t\t\t\t<\/figcaption><\/figure><figure class='gallery-item'>\n\t\t\t<div class='gallery-icon portrait'>\n\t\t\t\t<a href='https:\/\/dreamnev.org\/wp-content\/uploads\/2007\/12\/grillade_1.jpg'><img loading=\"lazy\" decoding=\"async\" width=\"150\" height=\"150\" src=\"https:\/\/dreamnev.org\/wp-content\/uploads\/2007\/12\/grillade_1-150x150.jpg\" class=\"attachment-thumbnail size-thumbnail\" alt=\"Denis fait les grillades.\" aria-describedby=\"gallery-1-1461\" \/><\/a>\n\t\t\t<\/div>\n\t\t\t\t<figcaption class='wp-caption-text gallery-caption' id='gallery-1-1461'>\n\t\t\t\tDenis fait les grillades.\n\t\t\t\t<\/figcaption><\/figure><figure class='gallery-item'>\n\t\t\t<div class='gallery-icon portrait'>\n\t\t\t\t<a href='https:\/\/dreamnev.org\/wp-content\/uploads\/2007\/12\/gun_patate.jpg'><img loading=\"lazy\" decoding=\"async\" width=\"150\" height=\"150\" src=\"https:\/\/dreamnev.org\/wp-content\/uploads\/2007\/12\/gun_patate-150x150.jpg\" class=\"attachment-thumbnail size-thumbnail\" alt=\"Pedro et son gun Patate, bouuumm\" aria-describedby=\"gallery-1-1466\" \/><\/a>\n\t\t\t<\/div>\n\t\t\t\t<figcaption class='wp-caption-text gallery-caption' id='gallery-1-1466'>\n\t\t\t\tPedro et son gun Patate, bouuumm\n\t\t\t\t<\/figcaption><\/figure><figure class='gallery-item'>\n\t\t\t<div class='gallery-icon portrait'>\n\t\t\t\t<a href='https:\/\/dreamnev.org\/wp-content\/uploads\/2007\/12\/gun_patate_3.jpg'><img loading=\"lazy\" decoding=\"async\" width=\"150\" height=\"150\" src=\"https:\/\/dreamnev.org\/wp-content\/uploads\/2007\/12\/gun_patate_3-150x150.jpg\" class=\"attachment-thumbnail size-thumbnail\" alt=\"3, 2, 1, feu.\" aria-describedby=\"gallery-1-1467\" \/><\/a>\n\t\t\t<\/div>\n\t\t\t\t<figcaption class='wp-caption-text gallery-caption' id='gallery-1-1467'>\n\t\t\t\t3, 2, 1, feu.\n\t\t\t\t<\/figcaption><\/figure><figure class='gallery-item'>\n\t\t\t<div class='gallery-icon portrait'>\n\t\t\t\t<a href='https:\/\/dreamnev.org\/wp-content\/uploads\/2007\/12\/instecte_1.jpg'><img loading=\"lazy\" decoding=\"async\" width=\"150\" height=\"150\" src=\"https:\/\/dreamnev.org\/wp-content\/uploads\/2007\/12\/instecte_1-150x150.jpg\" class=\"attachment-thumbnail size-thumbnail\" alt=\"Instecte local.\" aria-describedby=\"gallery-1-1458\" \/><\/a>\n\t\t\t<\/div>\n\t\t\t\t<figcaption class='wp-caption-text gallery-caption' id='gallery-1-1458'>\n\t\t\t\tInstecte local.\n\t\t\t\t<\/figcaption><\/figure><figure class='gallery-item'>\n\t\t\t<div class='gallery-icon portrait'>\n\t\t\t\t<a href='https:\/\/dreamnev.org\/wp-content\/uploads\/2007\/12\/jacussi_1.jpg'><img loading=\"lazy\" decoding=\"async\" width=\"150\" height=\"150\" src=\"https:\/\/dreamnev.org\/wp-content\/uploads\/2007\/12\/jacussi_1-150x150.jpg\" class=\"attachment-thumbnail size-thumbnail\" alt=\"Un petit bain dans le jacuzzi ?\" aria-describedby=\"gallery-1-1454\" \/><\/a>\n\t\t\t<\/div>\n\t\t\t\t<figcaption class='wp-caption-text gallery-caption' id='gallery-1-1454'>\n\t\t\t\tUn petit bain dans le jacuzzi ?\n\t\t\t\t<\/figcaption><\/figure><figure class='gallery-item'>\n\t\t\t<div class='gallery-icon portrait'>\n\t\t\t\t<a href='https:\/\/dreamnev.org\/wp-content\/uploads\/2007\/02\/maison_1.jpg'><img loading=\"lazy\" decoding=\"async\" width=\"150\" height=\"150\" src=\"https:\/\/dreamnev.org\/wp-content\/uploads\/2007\/02\/maison_1-150x150.jpg\" class=\"attachment-thumbnail size-thumbnail\" alt=\"Le lodge.\" aria-describedby=\"gallery-1-1474\" \/><\/a>\n\t\t\t<\/div>\n\t\t\t\t<figcaption class='wp-caption-text gallery-caption' id='gallery-1-1474'>\n\t\t\t\tLe lodge.\n\t\t\t\t<\/figcaption><\/figure><figure class='gallery-item'>\n\t\t\t<div class='gallery-icon portrait'>\n\t\t\t\t<a href='https:\/\/dreamnev.org\/wp-content\/uploads\/2007\/12\/plante_1.jpg'><img loading=\"lazy\" decoding=\"async\" width=\"150\" height=\"150\" src=\"https:\/\/dreamnev.org\/wp-content\/uploads\/2007\/12\/plante_1-150x150.jpg\" class=\"attachment-thumbnail size-thumbnail\" alt=\"Une plante du jardin de Pedro.\" aria-describedby=\"gallery-1-1456\" \/><\/a>\n\t\t\t<\/div>\n\t\t\t\t<figcaption class='wp-caption-text gallery-caption' id='gallery-1-1456'>\n\t\t\t\tUne plante du jardin de Pedro.\n\t\t\t\t<\/figcaption><\/figure><figure class='gallery-item'>\n\t\t\t<div class='gallery-icon portrait'>\n\t\t\t\t<a href='https:\/\/dreamnev.org\/wp-content\/uploads\/2007\/12\/plante.jpg'><img loading=\"lazy\" decoding=\"async\" width=\"150\" height=\"150\" src=\"https:\/\/dreamnev.org\/wp-content\/uploads\/2007\/12\/plante-150x150.jpg\" class=\"attachment-thumbnail size-thumbnail\" alt=\"Une plante inconnue.\" aria-describedby=\"gallery-1-1457\" \/><\/a>\n\t\t\t<\/div>\n\t\t\t\t<figcaption class='wp-caption-text gallery-caption' id='gallery-1-1457'>\n\t\t\t\tUne plante inconnue.\n\t\t\t\t<\/figcaption><\/figure><figure class='gallery-item'>\n\t\t\t<div class='gallery-icon portrait'>\n\t\t\t\t<a href='https:\/\/dreamnev.org\/wp-content\/uploads\/2007\/12\/repas_soir_2.jpg'><img loading=\"lazy\" decoding=\"async\" width=\"150\" height=\"150\" src=\"https:\/\/dreamnev.org\/wp-content\/uploads\/2007\/12\/repas_soir_2-150x150.jpg\" class=\"attachment-thumbnail size-thumbnail\" alt=\"A table...\" aria-describedby=\"gallery-1-1464\" \/><\/a>\n\t\t\t<\/div>\n\t\t\t\t<figcaption class='wp-caption-text gallery-caption' id='gallery-1-1464'>\n\t\t\t\tA table&#8230;\n\t\t\t\t<\/figcaption><\/figure><figure class='gallery-item'>\n\t\t\t<div class='gallery-icon portrait'>\n\t\t\t\t<a href='https:\/\/dreamnev.org\/wp-content\/uploads\/2007\/12\/pedro_lobo.jpg'><img loading=\"lazy\" decoding=\"async\" width=\"150\" height=\"150\" src=\"https:\/\/dreamnev.org\/wp-content\/uploads\/2007\/12\/pedro_lobo-150x150.jpg\" class=\"attachment-thumbnail size-thumbnail\" alt=\"Peter, le propri&eacute;taire de Finca Pedro.\" aria-describedby=\"gallery-1-1448\" \/><\/a>\n\t\t\t<\/div>\n\t\t\t\t<figcaption class='wp-caption-text gallery-caption' id='gallery-1-1448'>\n\t\t\t\tPeter, le propri&eacute;taire de Finca Pedro.\n\t\t\t\t<\/figcaption><\/figure>\n\t\t<\/div>\n<\/p>\n","protected":false},"excerpt":{"rendered":"<p>Samedi 11 novembre 2006 D\u00e9part de Gen\u00e8ve pour les 3 Suisses G\u00e9g\u00e9, Olive et Niko partent de Gen\u00e8ve pour San Jos\u00e9, via Z\u00fcrich, avec la compagnie Swiss. Un petit ap\u00e9ro avant de monter dans l&rsquo;avion, pour Miami, avec d&rsquo;une escale de 2 heures pour s&rsquo;envoler ensuite \u00e0 San Jos\u00e9. Denis part de Montr\u00e9al et il [&hellip;]<\/p>\n","protected":false},"author":1,"featured_media":1435,"comment_status":"closed","ping_status":"open","sticky":false,"template":"","format":"standard","meta":{"footnotes":""},"categories":[138],"tags":[],"class_list":["post-1468","post","type-post","status-publish","format-standard","has-post-thumbnail","hentry","category-costa-rica-2006-expedition-en-hydrospeed"],"_links":{"self":[{"href":"https:\/\/dreamnev.org\/index.php\/wp-json\/wp\/v2\/posts\/1468","targetHints":{"allow":["GET"]}}],"collection":[{"href":"https:\/\/dreamnev.org\/index.php\/wp-json\/wp\/v2\/posts"}],"about":[{"href":"https:\/\/dreamnev.org\/index.php\/wp-json\/wp\/v2\/types\/post"}],"author":[{"embeddable":true,"href":"https:\/\/dreamnev.org\/index.php\/wp-json\/wp\/v2\/users\/1"}],"replies":[{"embeddable":true,"href":"https:\/\/dreamnev.org\/index.php\/wp-json\/wp\/v2\/comments?post=1468"}],"version-history":[{"count":1,"href":"https:\/\/dreamnev.org\/index.php\/wp-json\/wp\/v2\/posts\/1468\/revisions"}],"predecessor-version":[{"id":1475,"href":"https:\/\/dreamnev.org\/index.php\/wp-json\/wp\/v2\/posts\/1468\/revisions\/1475"}],"wp:featuredmedia":[{"embeddable":true,"href":"https:\/\/dreamnev.org\/index.php\/wp-json\/wp\/v2\/media\/1435"}],"wp:attachment":[{"href":"https:\/\/dreamnev.org\/index.php\/wp-json\/wp\/v2\/media?parent=1468"}],"wp:term":[{"taxonomy":"category","embeddable":true,"href":"https:\/\/dreamnev.org\/index.php\/wp-json\/wp\/v2\/categories?post=1468"},{"taxonomy":"post_tag","embeddable":true,"href":"https:\/\/dreamnev.org\/index.php\/wp-json\/wp\/v2\/tags?post=1468"}],"curies":[{"name":"wp","href":"https:\/\/api.w.org\/{rel}","templated":true}]}}