{"id":1369,"date":"2005-07-19T00:35:08","date_gmt":"2005-07-18T22:35:08","guid":{"rendered":"http:\/\/dreamnev.eu\/index.php\/2005\/07\/19\/dora-baltea-2005-compte-rendu\/"},"modified":"2023-07-23T19:16:32","modified_gmt":"2023-07-23T17:16:32","slug":"dora-baltea-2005-compte-rendu","status":"publish","type":"post","link":"https:\/\/dreamnev.org\/index.php\/2005\/07\/19\/dora-baltea-2005-compte-rendu\/","title":{"rendered":"Dora Baltea 2005 &#8211; compte rendu"},"content":{"rendered":"<p class=\"post_excerpt\">Le compte-rendu en photos du rassemblement de la Dora Baltea version 2005.<\/p>\n<p><!--more--><br \/>\nPersonne ne voulait y croire et pourtant cette ann\u00e9e a \u00e9t\u00e9 remarquable.<\/p>\n<p>De l&rsquo;eau comme il en fallait, pas trop, pas trop peu. Du soleil et de l&rsquo;ambiance.<br \/>\n<br \/>Mais il faut commencer par le d\u00e9but. Un grand bravo \u00e0 l&rsquo;\u00e9quipe d&rsquo;EVP 45 et \u00e0 St\u00e9phane Og\u00e9e pour l&rsquo;organisation de ce 8\u00e8me rassemblement d&rsquo;hydrospeed en Italie. Comme d&rsquo;habitude, tout a roul\u00e9 comme sur des roulettes. Le taux de participation est remarquable avec 81 nageurs (les accompagnants ne sont pas compt\u00e9s). Le camping va devoir s&rsquo;agrandir pour l&rsquo;ann\u00e9e prochaine, car les tentes \u00e9taient les unes sur les autres.<\/p>\n<p>Les nageurs et diff\u00e9rents teams se m\u00e9langent pour partager des bons moments ensemble. Les bouteilles et divers breuvages ont vite rempli les tables. Faut dire que EVP45 ont amen\u00e9 2 f\u00fbts de bi\u00e8re pression et que le fameux River Tonic rodait dans les parages.<\/p>\n<p>Mais il y a aussi eu de la nage. Il \u00e9tait possible de faire l&rsquo;int\u00e9grale de la Dora en une journ\u00e9e. Avec un d\u00e9part de Pr\u00e9-St-Didier,<\/p>\n<table>\n<tbody>\n<tr class='row_even'>\n<td><figure id=\"attachment_1342\" aria-describedby=\"caption-attachment-1342\" style=\"width: 800px\" class=\"wp-caption aligncenter\"><img loading=\"lazy\" decoding=\"async\" class=\" aligncenter size-full wp-image-1342\" src=\"http:\/\/dreamnev.eu\/wp-content\/uploads\/2005\/07\/depart_st-didier.jpg\" alt=\"D\u00e9part de Pr\u00e9 St Didier\" title=\"D\u00e9part de Pr\u00e9 St Didier\" class=\"caption\" data-description=\"Photo Niko Millot\" align=\"center\" width=\"800\" height=\"600\" srcset=\"https:\/\/dreamnev.org\/wp-content\/uploads\/2005\/07\/depart_st-didier.jpg 800w, https:\/\/dreamnev.org\/wp-content\/uploads\/2005\/07\/depart_st-didier-300x225.jpg 300w, https:\/\/dreamnev.org\/wp-content\/uploads\/2005\/07\/depart_st-didier-768x576.jpg 768w\" sizes=\"auto, (max-width: 800px) 100vw, 800px\" \/><figcaption id=\"caption-attachment-1342\" class=\"wp-caption-text\">D\u00e9part de Pr\u00e9 St Didier<\/figcaption><\/figure><\/td>\n<td><figure id=\"attachment_1343\" aria-describedby=\"caption-attachment-1343\" style=\"width: 800px\" class=\"wp-caption aligncenter\"><img loading=\"lazy\" decoding=\"async\" class=\" aligncenter size-full wp-image-1343\" src=\"http:\/\/dreamnev.eu\/wp-content\/uploads\/2005\/07\/haute_dora.jpg\" alt=\"La Haute Dora\" title=\"La Haute Dora\" class=\"caption\" data-description=\"Photo Niko Millot\" align=\"center\" width=\"800\" height=\"600\" srcset=\"https:\/\/dreamnev.org\/wp-content\/uploads\/2005\/07\/haute_dora.jpg 800w, https:\/\/dreamnev.org\/wp-content\/uploads\/2005\/07\/haute_dora-300x225.jpg 300w, https:\/\/dreamnev.org\/wp-content\/uploads\/2005\/07\/haute_dora-768x576.jpg 768w\" sizes=\"auto, (max-width: 800px) 100vw, 800px\" \/><figcaption id=\"caption-attachment-1343\" class=\"wp-caption-text\">La Haute Dora<\/figcaption><\/figure><\/td>\n<\/tr>\n<\/tbody>\n<\/table>\n<p>et la suite jusqu&rsquo;au fameux barrage. Poursuivi du tron\u00e7on qui conduit \u00e0 la cascade. Pour une fois, les 2 barres \u00e0 rappel, qui se trouve sous le barrage n&rsquo;ont pas d\u00fbs \u00eatres port\u00e9es.<\/p>\n<table>\n<tbody>\n<tr class='row_even'>\n<td><figure id=\"attachment_1344\" aria-describedby=\"caption-attachment-1344\" style=\"width: 800px\" class=\"wp-caption aligncenter\"><img loading=\"lazy\" decoding=\"async\" class=\" aligncenter size-full wp-image-1344\" src=\"http:\/\/dreamnev.eu\/wp-content\/uploads\/2005\/07\/aurelie.jpg\" alt=\"Aur\u00e9lie sur son nouveau flotteur\" title=\"Aur\u00e9lie sur son nouveau flotteur\" class=\"caption\" data-description=\"Photo Niko Millot\" align=\"center\" width=\"800\" height=\"600\" srcset=\"https:\/\/dreamnev.org\/wp-content\/uploads\/2005\/07\/aurelie.jpg 800w, https:\/\/dreamnev.org\/wp-content\/uploads\/2005\/07\/aurelie-300x225.jpg 300w, https:\/\/dreamnev.org\/wp-content\/uploads\/2005\/07\/aurelie-768x576.jpg 768w\" sizes=\"auto, (max-width: 800px) 100vw, 800px\" \/><figcaption id=\"caption-attachment-1344\" class=\"wp-caption-text\">Aur\u00e9lie sur son nouveau flotteur<\/figcaption><\/figure><\/td>\n<td><figure id=\"attachment_1345\" aria-describedby=\"caption-attachment-1345\" style=\"width: 800px\" class=\"wp-caption aligncenter\"><img loading=\"lazy\" decoding=\"async\" class=\" aligncenter size-full wp-image-1345\" src=\"http:\/\/dreamnev.eu\/wp-content\/uploads\/2005\/07\/barrage-2.jpg\" alt=\"La descente classique du barrage\" title=\"La descente classique du barrage\" class=\"caption\" data-description=\"Photo Niko Millot\" align=\"center\" width=\"800\" height=\"600\" srcset=\"https:\/\/dreamnev.org\/wp-content\/uploads\/2005\/07\/barrage-2.jpg 800w, https:\/\/dreamnev.org\/wp-content\/uploads\/2005\/07\/barrage-2-300x225.jpg 300w, https:\/\/dreamnev.org\/wp-content\/uploads\/2005\/07\/barrage-2-768x576.jpg 768w\" sizes=\"auto, (max-width: 800px) 100vw, 800px\" \/><figcaption id=\"caption-attachment-1345\" class=\"wp-caption-text\">La descente classique du barrage<\/figcaption><\/figure><\/td>\n<\/tr>\n<\/tbody>\n<\/table>\n<p>Les journ\u00e9es se suivent et se ressemblent. Les gorges d&rsquo;Avise donnent du plaisir aux participants. <\/p>\n<table>\n<tbody>\n<tr class='row_even'>\n<td><figure id=\"attachment_1346\" aria-describedby=\"caption-attachment-1346\" style=\"width: 800px\" class=\"wp-caption aligncenter\"><img loading=\"lazy\" decoding=\"async\" class=\" aligncenter size-full wp-image-1346\" src=\"http:\/\/dreamnev.eu\/wp-content\/uploads\/2005\/07\/gege.jpg\" alt=\"G\u00e9g\u00e9 en action\" title=\"G\u00e9g\u00e9 en action\" class=\"caption\" data-description=\"Photo Niko Millot\" align=\"center\" width=\"800\" height=\"600\" srcset=\"https:\/\/dreamnev.org\/wp-content\/uploads\/2005\/07\/gege.jpg 800w, https:\/\/dreamnev.org\/wp-content\/uploads\/2005\/07\/gege-300x225.jpg 300w, https:\/\/dreamnev.org\/wp-content\/uploads\/2005\/07\/gege-768x576.jpg 768w\" sizes=\"auto, (max-width: 800px) 100vw, 800px\" \/><figcaption id=\"caption-attachment-1346\" class=\"wp-caption-text\">G\u00e9g\u00e9 en action<\/figcaption><\/figure><\/td>\n<td> <figure id=\"attachment_1347\" aria-describedby=\"caption-attachment-1347\" style=\"width: 800px\" class=\"wp-caption aligncenter\"><img loading=\"lazy\" decoding=\"async\" class=\" aligncenter size-full wp-image-1347\" src=\"http:\/\/dreamnev.eu\/wp-content\/uploads\/2005\/07\/anne.jpg\" alt=\"Anne du Team Swiss\" title=\"Anne du Team Swiss\" class=\"caption\" data-description=\"Photo Niko Millot\" align=\"center\" width=\"800\" height=\"600\" srcset=\"https:\/\/dreamnev.org\/wp-content\/uploads\/2005\/07\/anne.jpg 800w, https:\/\/dreamnev.org\/wp-content\/uploads\/2005\/07\/anne-300x225.jpg 300w, https:\/\/dreamnev.org\/wp-content\/uploads\/2005\/07\/anne-768x576.jpg 768w\" sizes=\"auto, (max-width: 800px) 100vw, 800px\" \/><figcaption id=\"caption-attachment-1347\" class=\"wp-caption-text\">Anne du Team Swiss<\/figcaption><\/figure> <\/td>\n<td><figure id=\"attachment_1348\" aria-describedby=\"caption-attachment-1348\" style=\"width: 800px\" class=\"wp-caption aligncenter\"><img loading=\"lazy\" decoding=\"async\" class=\" aligncenter size-full wp-image-1348\" src=\"http:\/\/dreamnev.eu\/wp-content\/uploads\/2005\/07\/yvan_surf.jpg\" alt=\"Yvan surfe encore ...\" title=\"Yvan surfe encore ...\" class=\"caption\" data-description=\"Photo Niko Millot\" align=\"center\" width=\"800\" height=\"600\" srcset=\"https:\/\/dreamnev.org\/wp-content\/uploads\/2005\/07\/yvan_surf.jpg 800w, https:\/\/dreamnev.org\/wp-content\/uploads\/2005\/07\/yvan_surf-300x225.jpg 300w, https:\/\/dreamnev.org\/wp-content\/uploads\/2005\/07\/yvan_surf-768x576.jpg 768w\" sizes=\"auto, (max-width: 800px) 100vw, 800px\" \/><figcaption id=\"caption-attachment-1348\" class=\"wp-caption-text\">Yvan surfe encore &#8230;<\/figcaption><\/figure><\/td>\n<\/tr>\n<tr class='row_odd'>\n<td><figure id=\"attachment_1349\" aria-describedby=\"caption-attachment-1349\" style=\"width: 800px\" class=\"wp-caption aligncenter\"><img loading=\"lazy\" decoding=\"async\" class=\" aligncenter size-full wp-image-1349\" src=\"http:\/\/dreamnev.eu\/wp-content\/uploads\/2005\/07\/palanque.jpg\" alt=\"Une palanqu\u00e9e\" title=\"Une palanqu\u00e9e\" class=\"caption\" data-description=\"Photo Niko Millot\" align=\"center\" width=\"800\" height=\"600\" srcset=\"https:\/\/dreamnev.org\/wp-content\/uploads\/2005\/07\/palanque.jpg 800w, https:\/\/dreamnev.org\/wp-content\/uploads\/2005\/07\/palanque-300x225.jpg 300w, https:\/\/dreamnev.org\/wp-content\/uploads\/2005\/07\/palanque-768x576.jpg 768w\" sizes=\"auto, (max-width: 800px) 100vw, 800px\" \/><figcaption id=\"caption-attachment-1349\" class=\"wp-caption-text\">Une palanqu\u00e9e<\/figcaption><\/figure><\/td>\n<td><figure id=\"attachment_1350\" aria-describedby=\"caption-attachment-1350\" style=\"width: 800px\" class=\"wp-caption aligncenter\"><img loading=\"lazy\" decoding=\"async\" class=\" aligncenter size-full wp-image-1350\" src=\"http:\/\/dreamnev.eu\/wp-content\/uploads\/2005\/07\/vanvan.jpg\" alt=\"Vanvan\" title=\"Vanvan\" class=\"caption\" data-description=\"Photo Niko Millot\" align=\"center\" width=\"800\" height=\"600\" srcset=\"https:\/\/dreamnev.org\/wp-content\/uploads\/2005\/07\/vanvan.jpg 800w, https:\/\/dreamnev.org\/wp-content\/uploads\/2005\/07\/vanvan-300x225.jpg 300w, https:\/\/dreamnev.org\/wp-content\/uploads\/2005\/07\/vanvan-768x576.jpg 768w\" sizes=\"auto, (max-width: 800px) 100vw, 800px\" \/><figcaption id=\"caption-attachment-1350\" class=\"wp-caption-text\">Vanvan<\/figcaption><\/figure><\/td>\n<td> <\/td>\n<\/tr>\n<\/tbody>\n<\/table>\n<p>Le samedi EVP45 a organis\u00e9 une course d&rsquo;orientation. Un d\u00e9part toute les 10 minutes pour les 10 \u00e9quipes participantes. Une \u00e9quipe de blondes au d\u00e9part avec Lolo et Isabelle, on ne l&rsquo;avait pas revu nager depuis son accident en Corse. Apparemment elle n&rsquo;a rien perdu de son \u00e9nergie.<\/p>\n<table>\n<tbody>\n<tr class='row_even'>\n<td><figure id=\"attachment_1351\" aria-describedby=\"caption-attachment-1351\" style=\"width: 800px\" class=\"wp-caption aligncenter\"><img loading=\"lazy\" decoding=\"async\" class=\" aligncenter size-full wp-image-1351\" src=\"http:\/\/dreamnev.eu\/wp-content\/uploads\/2005\/07\/blonde_team.jpg\" alt=\"Le team des Blondes\" title=\"Le team des Blondes\" class=\"caption\" data-description=\"Photo Niko Millot\" align=\"center\" width=\"800\" height=\"600\" srcset=\"https:\/\/dreamnev.org\/wp-content\/uploads\/2005\/07\/blonde_team.jpg 800w, https:\/\/dreamnev.org\/wp-content\/uploads\/2005\/07\/blonde_team-300x225.jpg 300w, https:\/\/dreamnev.org\/wp-content\/uploads\/2005\/07\/blonde_team-768x576.jpg 768w\" sizes=\"auto, (max-width: 800px) 100vw, 800px\" \/><figcaption id=\"caption-attachment-1351\" class=\"wp-caption-text\">Le team des Blondes<\/figcaption><\/figure><\/td>\n<td><figure id=\"attachment_1352\" aria-describedby=\"caption-attachment-1352\" style=\"width: 600px\" class=\"wp-caption aligncenter\"><img loading=\"lazy\" decoding=\"async\" class=\" aligncenter size-full wp-image-1352\" src=\"http:\/\/dreamnev.eu\/wp-content\/uploads\/2005\/07\/toulouse_team.jpg\" alt=\"Le Toulouse Team\" title=\"Le Toulouse Team\" class=\"caption\" data-description=\"Photo Niko Millot\" align=\"center\" width=\"600\" height=\"800\" srcset=\"https:\/\/dreamnev.org\/wp-content\/uploads\/2005\/07\/toulouse_team.jpg 600w, https:\/\/dreamnev.org\/wp-content\/uploads\/2005\/07\/toulouse_team-225x300.jpg 225w\" sizes=\"auto, (max-width: 600px) 100vw, 600px\" \/><figcaption id=\"caption-attachment-1352\" class=\"wp-caption-text\">Le Toulouse Team<\/figcaption><\/figure><\/td>\n<td><figure id=\"attachment_1353\" aria-describedby=\"caption-attachment-1353\" style=\"width: 800px\" class=\"wp-caption aligncenter\"><img loading=\"lazy\" decoding=\"async\" class=\" aligncenter size-full wp-image-1353\" src=\"http:\/\/dreamnev.eu\/wp-content\/uploads\/2005\/07\/depart_course.jpg\" alt=\"D\u00e9part de la course d'orientation\" title=\"D\u00e9part de la course d'orientation\" class=\"caption\" data-description=\"Photo Niko Millot\" align=\"center\" width=\"800\" height=\"600\" srcset=\"https:\/\/dreamnev.org\/wp-content\/uploads\/2005\/07\/depart_course.jpg 800w, https:\/\/dreamnev.org\/wp-content\/uploads\/2005\/07\/depart_course-300x225.jpg 300w, https:\/\/dreamnev.org\/wp-content\/uploads\/2005\/07\/depart_course-768x576.jpg 768w\" sizes=\"auto, (max-width: 800px) 100vw, 800px\" \/><figcaption id=\"caption-attachment-1353\" class=\"wp-caption-text\">D\u00e9part de la course d&rsquo;orientation<\/figcaption><\/figure><\/td>\n<\/tr>\n<tr class='row_odd'>\n<td><figure id=\"attachment_1354\" aria-describedby=\"caption-attachment-1354\" style=\"width: 800px\" class=\"wp-caption aligncenter\"><img loading=\"lazy\" decoding=\"async\" class=\" aligncenter size-full wp-image-1354\" src=\"http:\/\/dreamnev.eu\/wp-content\/uploads\/2005\/07\/remise_prix.jpg\" alt=\"Remise des prix de la course\" title=\"Remise des prix de la course\" class=\"caption\" data-description=\"Photo Niko Millot\" align=\"center\" width=\"800\" height=\"600\" srcset=\"https:\/\/dreamnev.org\/wp-content\/uploads\/2005\/07\/remise_prix.jpg 800w, https:\/\/dreamnev.org\/wp-content\/uploads\/2005\/07\/remise_prix-300x225.jpg 300w, https:\/\/dreamnev.org\/wp-content\/uploads\/2005\/07\/remise_prix-768x576.jpg 768w\" sizes=\"auto, (max-width: 800px) 100vw, 800px\" \/><figcaption id=\"caption-attachment-1354\" class=\"wp-caption-text\">Remise des prix de la course<\/figcaption><\/figure><\/td>\n<td><figure id=\"attachment_1355\" aria-describedby=\"caption-attachment-1355\" style=\"width: 800px\" class=\"wp-caption aligncenter\"><img loading=\"lazy\" decoding=\"async\" class=\" aligncenter size-full wp-image-1355\" src=\"http:\/\/dreamnev.eu\/wp-content\/uploads\/2005\/07\/remise_prix1.jpg\" alt=\"Remise des prix de la course\" title=\"Remise des prix de la course\" class=\"caption\" data-description=\"Photo Niko Millot\" align=\"center\" width=\"800\" height=\"600\" srcset=\"https:\/\/dreamnev.org\/wp-content\/uploads\/2005\/07\/remise_prix1.jpg 800w, https:\/\/dreamnev.org\/wp-content\/uploads\/2005\/07\/remise_prix1-300x225.jpg 300w, https:\/\/dreamnev.org\/wp-content\/uploads\/2005\/07\/remise_prix1-768x576.jpg 768w\" sizes=\"auto, (max-width: 800px) 100vw, 800px\" \/><figcaption id=\"caption-attachment-1355\" class=\"wp-caption-text\">Remise des prix de la course<\/figcaption><\/figure><\/td>\n<td><figure id=\"attachment_1356\" aria-describedby=\"caption-attachment-1356\" style=\"width: 800px\" class=\"wp-caption aligncenter\"><img loading=\"lazy\" decoding=\"async\" class=\" aligncenter size-full wp-image-1356\" src=\"http:\/\/dreamnev.eu\/wp-content\/uploads\/2005\/07\/gagnant_course.jpg\" alt=\"Les gagnants de la course\" title=\"Les gagnants de la course\" class=\"caption\" data-description=\"Photo Niko Millot\" align=\"center\" width=\"800\" height=\"600\" srcset=\"https:\/\/dreamnev.org\/wp-content\/uploads\/2005\/07\/gagnant_course.jpg 800w, https:\/\/dreamnev.org\/wp-content\/uploads\/2005\/07\/gagnant_course-300x225.jpg 300w, https:\/\/dreamnev.org\/wp-content\/uploads\/2005\/07\/gagnant_course-768x576.jpg 768w\" sizes=\"auto, (max-width: 800px) 100vw, 800px\" \/><figcaption id=\"caption-attachment-1356\" class=\"wp-caption-text\">Les gagnants de la course<\/figcaption><\/figure><\/td>\n<\/tr>\n<\/tbody>\n<\/table>\n<p>Mais la classique a aussi \u00e9t\u00e9 le terrain de jeu habituel. Soleil, surf et Moby Dick qui a ouvert ses bras aux nageurs courageux qui on pu se mesurer avec son trou\u00a0!!!<\/p>\n<table>\n<tbody>\n<tr class='row_even'>\n<td><figure id=\"attachment_1357\" aria-describedby=\"caption-attachment-1357\" style=\"width: 600px\" class=\"wp-caption aligncenter\"><img loading=\"lazy\" decoding=\"async\" class=\" aligncenter size-full wp-image-1357\" src=\"http:\/\/dreamnev.eu\/wp-content\/uploads\/2005\/07\/4_surfeur.jpg\" alt=\"4 surfeurs !\" title=\"4 surfeurs !\" class=\"caption\" data-description=\"Photo Niko Millot\" align=\"center\" width=\"600\" height=\"800\" srcset=\"https:\/\/dreamnev.org\/wp-content\/uploads\/2005\/07\/4_surfeur.jpg 600w, https:\/\/dreamnev.org\/wp-content\/uploads\/2005\/07\/4_surfeur-225x300.jpg 225w\" sizes=\"auto, (max-width: 600px) 100vw, 600px\" \/><figcaption id=\"caption-attachment-1357\" class=\"wp-caption-text\">4 surfeurs !<\/figcaption><\/figure><\/td>\n<td> <\/td>\n<td><figure id=\"attachment_1358\" aria-describedby=\"caption-attachment-1358\" style=\"width: 800px\" class=\"wp-caption aligncenter\"><img loading=\"lazy\" decoding=\"async\" class=\" aligncenter size-full wp-image-1358\" src=\"http:\/\/dreamnev.eu\/wp-content\/uploads\/2005\/07\/lio-2.jpg\" alt=\"Lio, juste avant un soleil\" title=\"Lio, juste avant un soleil\" class=\"caption\" data-description=\"Photo Niko Millot\" align=\"center\" width=\"800\" height=\"600\" srcset=\"https:\/\/dreamnev.org\/wp-content\/uploads\/2005\/07\/lio-2.jpg 800w, https:\/\/dreamnev.org\/wp-content\/uploads\/2005\/07\/lio-2-300x225.jpg 300w, https:\/\/dreamnev.org\/wp-content\/uploads\/2005\/07\/lio-2-768x576.jpg 768w\" sizes=\"auto, (max-width: 800px) 100vw, 800px\" \/><figcaption id=\"caption-attachment-1358\" class=\"wp-caption-text\">Lio, juste avant un soleil<\/figcaption><\/figure><\/td>\n<\/tr>\n<tr class='row_odd'>\n<td><figure id=\"attachment_1359\" aria-describedby=\"caption-attachment-1359\" style=\"width: 800px\" class=\"wp-caption aligncenter\"><img loading=\"lazy\" decoding=\"async\" class=\" aligncenter size-full wp-image-1359\" src=\"http:\/\/dreamnev.eu\/wp-content\/uploads\/2005\/07\/marc_surf_mobydick.jpg\" alt=\"Marc surfe sur la Moby Dick\" title=\"Marc surfe sur la Moby Dick\" class=\"caption\" data-description=\"Photo Niko Millot\" align=\"center\" width=\"800\" height=\"600\" srcset=\"https:\/\/dreamnev.org\/wp-content\/uploads\/2005\/07\/marc_surf_mobydick.jpg 800w, https:\/\/dreamnev.org\/wp-content\/uploads\/2005\/07\/marc_surf_mobydick-300x225.jpg 300w, https:\/\/dreamnev.org\/wp-content\/uploads\/2005\/07\/marc_surf_mobydick-768x576.jpg 768w\" sizes=\"auto, (max-width: 800px) 100vw, 800px\" \/><figcaption id=\"caption-attachment-1359\" class=\"wp-caption-text\">Marc surfe sur la Moby Dick<\/figcaption><\/figure><\/td>\n<td><figure id=\"attachment_1360\" aria-describedby=\"caption-attachment-1360\" style=\"width: 800px\" class=\"wp-caption aligncenter\"><img loading=\"lazy\" decoding=\"async\" class=\" aligncenter size-full wp-image-1360\" src=\"http:\/\/dreamnev.eu\/wp-content\/uploads\/2005\/07\/yvan_surf_mobydick.jpg\" alt=\"Yvan surfe aussi sur la Moby Dick\" title=\"Yvan surfe aussi sur la Moby Dick\" class=\"caption\" data-description=\"Photo Niko Millot\" align=\"center\" width=\"800\" height=\"600\" srcset=\"https:\/\/dreamnev.org\/wp-content\/uploads\/2005\/07\/yvan_surf_mobydick.jpg 800w, https:\/\/dreamnev.org\/wp-content\/uploads\/2005\/07\/yvan_surf_mobydick-300x225.jpg 300w, https:\/\/dreamnev.org\/wp-content\/uploads\/2005\/07\/yvan_surf_mobydick-768x576.jpg 768w\" sizes=\"auto, (max-width: 800px) 100vw, 800px\" \/><figcaption id=\"caption-attachment-1360\" class=\"wp-caption-text\">Yvan surfe aussi sur la Moby Dick<\/figcaption><\/figure><\/td>\n<td><figure id=\"attachment_1361\" aria-describedby=\"caption-attachment-1361\" style=\"width: 800px\" class=\"wp-caption aligncenter\"><img loading=\"lazy\" decoding=\"async\" class=\" aligncenter size-full wp-image-1361\" src=\"http:\/\/dreamnev.eu\/wp-content\/uploads\/2005\/07\/niko.jpg\" alt=\"Niko\" title=\"Niko\" class=\"caption\" data-description=\"Photo Niko Millot\" align=\"center\" width=\"800\" height=\"600\" srcset=\"https:\/\/dreamnev.org\/wp-content\/uploads\/2005\/07\/niko.jpg 800w, https:\/\/dreamnev.org\/wp-content\/uploads\/2005\/07\/niko-300x225.jpg 300w, https:\/\/dreamnev.org\/wp-content\/uploads\/2005\/07\/niko-768x576.jpg 768w\" sizes=\"auto, (max-width: 800px) 100vw, 800px\" \/><figcaption id=\"caption-attachment-1361\" class=\"wp-caption-text\">Niko<\/figcaption><\/figure><\/td>\n<\/tr>\n<\/tbody>\n<\/table>\n<p>Le reste, pas besoin de vous le raconter. Vous n&rsquo;aviez qu&rsquo;\u00e0 venir\u00a0!!! Mais on pourra quand m\u00eame remarquer le nouveau look de Marc, il ressemble \u00e0 un acteur de cin\u00e9ma sans sa barbe, non\u00a0???<\/p>\n<figure id=\"attachment_1362\" aria-describedby=\"caption-attachment-1362\" style=\"width: 600px\" class=\"wp-caption aligncenter\"><img loading=\"lazy\" decoding=\"async\" class=\" aligncenter size-full wp-image-1362\" src=\"http:\/\/dreamnev.eu\/wp-content\/uploads\/2005\/07\/marc_new_look.jpg\" alt=\"Le new look de Marc\" title=\"Le new look de Marc\" class=\"caption\" data-description=\"Photo Niko Millot\" align=\"center\" width=\"600\" height=\"800\" srcset=\"https:\/\/dreamnev.org\/wp-content\/uploads\/2005\/07\/marc_new_look.jpg 600w, https:\/\/dreamnev.org\/wp-content\/uploads\/2005\/07\/marc_new_look-225x300.jpg 225w\" sizes=\"auto, (max-width: 600px) 100vw, 600px\" \/><figcaption id=\"caption-attachment-1362\" class=\"wp-caption-text\">Le new look de Marc<\/figcaption><\/figure>\n<p>A bient\u00f4t sur l&rsquo;eau ou sur un autre rassemblement.<\/p>\n<p>Niko<\/p>\n<hr \/>\n<p><a name=\"photos_daniel\"><\/a><\/p>\n<p>Quelques photos suppl\u00e9mentaires propos\u00e9es par Daniel Ch\u00e2telain.<\/p>\n<p>Il y avait tellement de monde sur la Dora 2005 qu&rsquo;une partie des participants a d\u00fb se rabattre sur un autre camping, du jamais vu !<\/p>\n<figure id=\"attachment_1363\" aria-describedby=\"caption-attachment-1363\" style=\"width: 800px\" class=\"wp-caption aligncenter\"><img loading=\"lazy\" decoding=\"async\" class=\" aligncenter size-full wp-image-1363\" src=\"http:\/\/dreamnev.eu\/wp-content\/uploads\/2005\/07\/Dora_campement_1.jpg\" alt=\"Une partie du campement\" title=\"Une partie du campement\" class=\"caption\" data-description=\"Photo Mathilde Chatelain\" align=\"center\" width=\"800\" height=\"600\" srcset=\"https:\/\/dreamnev.org\/wp-content\/uploads\/2005\/07\/Dora_campement_1.jpg 800w, https:\/\/dreamnev.org\/wp-content\/uploads\/2005\/07\/Dora_campement_1-300x225.jpg 300w, https:\/\/dreamnev.org\/wp-content\/uploads\/2005\/07\/Dora_campement_1-768x576.jpg 768w\" sizes=\"auto, (max-width: 800px) 100vw, 800px\" \/><figcaption id=\"caption-attachment-1363\" class=\"wp-caption-text\">Une partie du campement<\/figcaption><\/figure>\n<p>Il faudra s&rsquo;y habituer, la communaut\u00e9 s&rsquo;agrandit et se diversifie : un groupe de kayakistes est venu de Nice invit\u00e9s par Yvan.<\/p>\n<table>\n<tbody>\n<tr class='row_even'>\n<td><figure id=\"attachment_1364\" aria-describedby=\"caption-attachment-1364\" style=\"width: 800px\" class=\"wp-caption aligncenter\"><img loading=\"lazy\" decoding=\"async\" class=\" aligncenter size-full wp-image-1364\" src=\"http:\/\/dreamnev.eu\/wp-content\/uploads\/2005\/07\/Dora_Kayak_Depart_Classique.jpg\" alt=\"Il faudra s'y habituer, la communaut\u00e9 s'agrandit et se diversifie\" title=\"Il faudra s'y habituer, la communaut\u00e9 s'agrandit et se diversifie\" class=\"caption\" data-description=\"Photo de Fred, un des kayakistes ni\u00e7ois\" align=\"center\" width=\"800\" height=\"600\" srcset=\"https:\/\/dreamnev.org\/wp-content\/uploads\/2005\/07\/Dora_Kayak_Depart_Classique.jpg 800w, https:\/\/dreamnev.org\/wp-content\/uploads\/2005\/07\/Dora_Kayak_Depart_Classique-300x225.jpg 300w, https:\/\/dreamnev.org\/wp-content\/uploads\/2005\/07\/Dora_Kayak_Depart_Classique-768x576.jpg 768w\" sizes=\"auto, (max-width: 800px) 100vw, 800px\" \/><figcaption id=\"caption-attachment-1364\" class=\"wp-caption-text\">Il faudra s&rsquo;y habituer, la communaut\u00e9 s&rsquo;agrandit et se diversifie<\/figcaption><\/figure><\/td>\n<td><figure id=\"attachment_1365\" aria-describedby=\"caption-attachment-1365\" style=\"width: 800px\" class=\"wp-caption aligncenter\"><img loading=\"lazy\" decoding=\"async\" class=\" aligncenter size-full wp-image-1365\" src=\"http:\/\/dreamnev.eu\/wp-content\/uploads\/2005\/07\/Dora_Kayak_La_Salle_1.jpg\" alt=\"En approchant du barrage de La Salle\" title=\"En approchant du barrage de La Salle\" class=\"caption\" data-description=\"Photo de Fred, un des kayakistes ni\u00e7ois\" align=\"center\" width=\"800\" height=\"600\" srcset=\"https:\/\/dreamnev.org\/wp-content\/uploads\/2005\/07\/Dora_Kayak_La_Salle_1.jpg 800w, https:\/\/dreamnev.org\/wp-content\/uploads\/2005\/07\/Dora_Kayak_La_Salle_1-300x225.jpg 300w, https:\/\/dreamnev.org\/wp-content\/uploads\/2005\/07\/Dora_Kayak_La_Salle_1-768x576.jpg 768w\" sizes=\"auto, (max-width: 800px) 100vw, 800px\" \/><figcaption id=\"caption-attachment-1365\" class=\"wp-caption-text\">En approchant du barrage de La Salle<\/figcaption><\/figure><\/td>\n<\/tr>\n<\/tbody>\n<\/table>\n<p>Pour eux, pas question de glisser au m\u00eame endroit que les hydrospeedeurs sur le barrage de la Salle : le mur en face est vraiment trop pr\u00e8s ! Du coup, ils partent plus sur la droite.<\/p>\n<figure id=\"attachment_1366\" aria-describedby=\"caption-attachment-1366\" style=\"width: 800px\" class=\"wp-caption aligncenter\"><img loading=\"lazy\" decoding=\"async\" class=\" aligncenter size-full wp-image-1366\" src=\"http:\/\/dreamnev.eu\/wp-content\/uploads\/2005\/07\/Dora_Kayak_La_Salle_2.jpg\" alt=\"Glissade d'un kayakiste sur le barrage de la Salle\" title=\"Glissade d'un kayakiste sur le barrage de la Salle\" class=\"caption\" data-description=\"Photo Daniel Chatelain\" align=\"center\" width=\"800\" height=\"600\" srcset=\"https:\/\/dreamnev.org\/wp-content\/uploads\/2005\/07\/Dora_Kayak_La_Salle_2.jpg 800w, https:\/\/dreamnev.org\/wp-content\/uploads\/2005\/07\/Dora_Kayak_La_Salle_2-300x225.jpg 300w, https:\/\/dreamnev.org\/wp-content\/uploads\/2005\/07\/Dora_Kayak_La_Salle_2-768x576.jpg 768w\" sizes=\"auto, (max-width: 800px) 100vw, 800px\" \/><figcaption id=\"caption-attachment-1366\" class=\"wp-caption-text\">Glissade d&rsquo;un kayakiste sur le barrage de la Salle<\/figcaption><\/figure>\n<p>Les kayakistes ont fait une escapade sur l&rsquo;Ayasse et le Grand Eyvier: trop peu d&rsquo;eau pour nous mais suffisamment pour eux.<\/p>\n<figure id=\"attachment_1367\" aria-describedby=\"caption-attachment-1367\" style=\"width: 800px\" class=\"wp-caption aligncenter\"><img loading=\"lazy\" decoding=\"async\" class=\" aligncenter size-full wp-image-1367\" src=\"http:\/\/dreamnev.eu\/wp-content\/uploads\/2005\/07\/Dora_Kayak_Ayasse.jpg\" alt=\"Escapade des kayakistes sur l'Ayasse\" title=\"Escapade des kayakistes sur l'Ayasse\" class=\"caption\" data-description=\"Photo de Fred, un des kayakistes ni\u00e7ois\" align=\"center\" width=\"800\" height=\"600\" srcset=\"https:\/\/dreamnev.org\/wp-content\/uploads\/2005\/07\/Dora_Kayak_Ayasse.jpg 800w, https:\/\/dreamnev.org\/wp-content\/uploads\/2005\/07\/Dora_Kayak_Ayasse-300x225.jpg 300w, https:\/\/dreamnev.org\/wp-content\/uploads\/2005\/07\/Dora_Kayak_Ayasse-768x576.jpg 768w\" sizes=\"auto, (max-width: 800px) 100vw, 800px\" \/><figcaption id=\"caption-attachment-1367\" class=\"wp-caption-text\">Escapade des kayakistes sur l&rsquo;Ayasse<\/figcaption><\/figure>\n<p>Connaissez vous la fa\u00e7on de boire des bi\u00e8res \u00e0 la mode du team kayak de Nice ?<br \/>\n&#8211; remplir un bac d&rsquo;eau bien fraiche<br \/>\n&#8211; y faire mijoter des canettes de bi\u00e8re<br \/>\n&#8211; s&rsquo;y installer autour et y tremper ses pieds<br \/>\n&#8211; de temps en temps pagayer pour m\u00e9langer<br \/>\n&#8211; refaire le monde et &#8230;<br \/>\n&#8211; sans arr\u00eat boire car &#8230;<br \/>\n&#8211; interdit de sortir un pied (m\u00eame pour pipi) tant qu&rsquo;il subsiste une canette dans le bac !<\/p>\n<p><figure id=\"attachment_1368\" aria-describedby=\"caption-attachment-1368\" style=\"width: 800px\" class=\"wp-caption aligncenter\"><img loading=\"lazy\" decoding=\"async\" class=\" aligncenter size-full wp-image-1368\" src=\"http:\/\/dreamnev.eu\/wp-content\/uploads\/2005\/07\/Dora_campement_2.jpg\" alt=\"M\u00e9thode pour boire des bi\u00e8res \u00e0 la mode du team kayak de Nice\" title=\"M\u00e9thode pour boire des bi\u00e8res \u00e0 la mode du team kayak de Nice\" class=\"caption\" data-description=\"Photo Mathilde Chatelain\" align=\"center\" width=\"800\" height=\"600\" srcset=\"https:\/\/dreamnev.org\/wp-content\/uploads\/2005\/07\/Dora_campement_2.jpg 800w, https:\/\/dreamnev.org\/wp-content\/uploads\/2005\/07\/Dora_campement_2-300x225.jpg 300w, https:\/\/dreamnev.org\/wp-content\/uploads\/2005\/07\/Dora_campement_2-768x576.jpg 768w\" sizes=\"auto, (max-width: 800px) 100vw, 800px\" \/><figcaption id=\"caption-attachment-1368\" class=\"wp-caption-text\">M\u00e9thode pour boire des bi\u00e8res \u00e0 la mode du team kayak de Nice<\/figcaption><\/figure><br \/>\n<div id='gallery-1' class='gallery galleryid-1369 gallery-columns-3 gallery-size-thumbnail'><figure class='gallery-item'>\n\t\t\t<div class='gallery-icon portrait'>\n\t\t\t\t<a href='https:\/\/dreamnev.org\/wp-content\/uploads\/2005\/07\/4_surfeur.jpg'><img loading=\"lazy\" decoding=\"async\" width=\"150\" height=\"150\" src=\"https:\/\/dreamnev.org\/wp-content\/uploads\/2005\/07\/4_surfeur-150x150.jpg\" class=\"attachment-thumbnail size-thumbnail\" alt=\"4 surfeurs !\" aria-describedby=\"gallery-1-1357\" \/><\/a>\n\t\t\t<\/div>\n\t\t\t\t<figcaption class='wp-caption-text gallery-caption' id='gallery-1-1357'>\n\t\t\t\t4 surfeurs !\n\t\t\t\t<\/figcaption><\/figure><figure class='gallery-item'>\n\t\t\t<div class='gallery-icon landscape'>\n\t\t\t\t<a href='https:\/\/dreamnev.org\/wp-content\/uploads\/2005\/07\/anne.jpg'><img loading=\"lazy\" decoding=\"async\" width=\"150\" height=\"150\" src=\"https:\/\/dreamnev.org\/wp-content\/uploads\/2005\/07\/anne-150x150.jpg\" class=\"attachment-thumbnail size-thumbnail\" alt=\"Anne du Team Swiss\" aria-describedby=\"gallery-1-1347\" \/><\/a>\n\t\t\t<\/div>\n\t\t\t\t<figcaption class='wp-caption-text gallery-caption' id='gallery-1-1347'>\n\t\t\t\tAnne du Team Swiss\n\t\t\t\t<\/figcaption><\/figure><figure class='gallery-item'>\n\t\t\t<div class='gallery-icon landscape'>\n\t\t\t\t<a href='https:\/\/dreamnev.org\/wp-content\/uploads\/2005\/07\/aurelie.jpg'><img loading=\"lazy\" decoding=\"async\" width=\"150\" height=\"150\" src=\"https:\/\/dreamnev.org\/wp-content\/uploads\/2005\/07\/aurelie-150x150.jpg\" class=\"attachment-thumbnail size-thumbnail\" alt=\"Aur\u00e9lie sur son nouveau flotteur\" aria-describedby=\"gallery-1-1344\" \/><\/a>\n\t\t\t<\/div>\n\t\t\t\t<figcaption class='wp-caption-text gallery-caption' id='gallery-1-1344'>\n\t\t\t\tAur\u00e9lie sur son nouveau flotteur\n\t\t\t\t<\/figcaption><\/figure><figure class='gallery-item'>\n\t\t\t<div class='gallery-icon landscape'>\n\t\t\t\t<a href='https:\/\/dreamnev.org\/wp-content\/uploads\/2005\/07\/barrage-2.jpg'><img loading=\"lazy\" decoding=\"async\" width=\"150\" height=\"150\" src=\"https:\/\/dreamnev.org\/wp-content\/uploads\/2005\/07\/barrage-2-150x150.jpg\" class=\"attachment-thumbnail size-thumbnail\" alt=\"La descente classique du barrage\" aria-describedby=\"gallery-1-1345\" \/><\/a>\n\t\t\t<\/div>\n\t\t\t\t<figcaption class='wp-caption-text gallery-caption' id='gallery-1-1345'>\n\t\t\t\tLa descente classique du barrage\n\t\t\t\t<\/figcaption><\/figure><figure class='gallery-item'>\n\t\t\t<div class='gallery-icon landscape'>\n\t\t\t\t<a href='https:\/\/dreamnev.org\/wp-content\/uploads\/2005\/07\/blonde_team.jpg'><img loading=\"lazy\" decoding=\"async\" width=\"150\" height=\"150\" src=\"https:\/\/dreamnev.org\/wp-content\/uploads\/2005\/07\/blonde_team-150x150.jpg\" class=\"attachment-thumbnail size-thumbnail\" alt=\"Le team des Blondes\" aria-describedby=\"gallery-1-1351\" \/><\/a>\n\t\t\t<\/div>\n\t\t\t\t<figcaption class='wp-caption-text gallery-caption' id='gallery-1-1351'>\n\t\t\t\tLe team des Blondes\n\t\t\t\t<\/figcaption><\/figure><figure class='gallery-item'>\n\t\t\t<div class='gallery-icon landscape'>\n\t\t\t\t<a href='https:\/\/dreamnev.org\/wp-content\/uploads\/2005\/07\/depart_course.jpg'><img loading=\"lazy\" decoding=\"async\" width=\"150\" height=\"150\" src=\"https:\/\/dreamnev.org\/wp-content\/uploads\/2005\/07\/depart_course-150x150.jpg\" class=\"attachment-thumbnail size-thumbnail\" alt=\"D\u00e9part de la course d&#039;orientation\" aria-describedby=\"gallery-1-1353\" \/><\/a>\n\t\t\t<\/div>\n\t\t\t\t<figcaption class='wp-caption-text gallery-caption' id='gallery-1-1353'>\n\t\t\t\tD\u00e9part de la course d&rsquo;orientation\n\t\t\t\t<\/figcaption><\/figure><figure class='gallery-item'>\n\t\t\t<div class='gallery-icon landscape'>\n\t\t\t\t<a href='https:\/\/dreamnev.org\/wp-content\/uploads\/2005\/07\/depart_st-didier.jpg'><img loading=\"lazy\" decoding=\"async\" width=\"150\" height=\"150\" src=\"https:\/\/dreamnev.org\/wp-content\/uploads\/2005\/07\/depart_st-didier-150x150.jpg\" class=\"attachment-thumbnail size-thumbnail\" alt=\"D\u00e9part de Pr\u00e9 St Didier\" aria-describedby=\"gallery-1-1342\" \/><\/a>\n\t\t\t<\/div>\n\t\t\t\t<figcaption class='wp-caption-text gallery-caption' id='gallery-1-1342'>\n\t\t\t\tD\u00e9part de Pr\u00e9 St Didier\n\t\t\t\t<\/figcaption><\/figure><figure class='gallery-item'>\n\t\t\t<div class='gallery-icon landscape'>\n\t\t\t\t<a href='https:\/\/dreamnev.org\/wp-content\/uploads\/2005\/07\/gagnant_course.jpg'><img loading=\"lazy\" decoding=\"async\" width=\"150\" height=\"150\" src=\"https:\/\/dreamnev.org\/wp-content\/uploads\/2005\/07\/gagnant_course-150x150.jpg\" class=\"attachment-thumbnail size-thumbnail\" alt=\"Les gagnants de la course\" aria-describedby=\"gallery-1-1356\" \/><\/a>\n\t\t\t<\/div>\n\t\t\t\t<figcaption class='wp-caption-text gallery-caption' id='gallery-1-1356'>\n\t\t\t\tLes gagnants de la course\n\t\t\t\t<\/figcaption><\/figure><figure class='gallery-item'>\n\t\t\t<div class='gallery-icon landscape'>\n\t\t\t\t<a href='https:\/\/dreamnev.org\/wp-content\/uploads\/2005\/07\/gege.jpg'><img loading=\"lazy\" decoding=\"async\" width=\"150\" height=\"150\" src=\"https:\/\/dreamnev.org\/wp-content\/uploads\/2005\/07\/gege-150x150.jpg\" class=\"attachment-thumbnail size-thumbnail\" alt=\"G\u00e9g\u00e9 en action\" aria-describedby=\"gallery-1-1346\" \/><\/a>\n\t\t\t<\/div>\n\t\t\t\t<figcaption class='wp-caption-text gallery-caption' id='gallery-1-1346'>\n\t\t\t\tG\u00e9g\u00e9 en action\n\t\t\t\t<\/figcaption><\/figure><figure class='gallery-item'>\n\t\t\t<div class='gallery-icon landscape'>\n\t\t\t\t<a href='https:\/\/dreamnev.org\/wp-content\/uploads\/2005\/07\/haute_dora.jpg'><img loading=\"lazy\" decoding=\"async\" width=\"150\" height=\"150\" src=\"https:\/\/dreamnev.org\/wp-content\/uploads\/2005\/07\/haute_dora-150x150.jpg\" class=\"attachment-thumbnail size-thumbnail\" alt=\"La Haute Dora\" aria-describedby=\"gallery-1-1343\" \/><\/a>\n\t\t\t<\/div>\n\t\t\t\t<figcaption class='wp-caption-text gallery-caption' id='gallery-1-1343'>\n\t\t\t\tLa Haute Dora\n\t\t\t\t<\/figcaption><\/figure><figure class='gallery-item'>\n\t\t\t<div class='gallery-icon landscape'>\n\t\t\t\t<a href='https:\/\/dreamnev.org\/wp-content\/uploads\/2005\/07\/lio-2.jpg'><img loading=\"lazy\" decoding=\"async\" width=\"150\" height=\"150\" src=\"https:\/\/dreamnev.org\/wp-content\/uploads\/2005\/07\/lio-2-150x150.jpg\" class=\"attachment-thumbnail size-thumbnail\" alt=\"Lio, juste avant un soleil\" aria-describedby=\"gallery-1-1358\" \/><\/a>\n\t\t\t<\/div>\n\t\t\t\t<figcaption class='wp-caption-text gallery-caption' id='gallery-1-1358'>\n\t\t\t\tLio, juste avant un soleil\n\t\t\t\t<\/figcaption><\/figure><figure class='gallery-item'>\n\t\t\t<div class='gallery-icon portrait'>\n\t\t\t\t<a href='https:\/\/dreamnev.org\/wp-content\/uploads\/2005\/07\/marc_new_look.jpg'><img loading=\"lazy\" decoding=\"async\" width=\"150\" height=\"150\" src=\"https:\/\/dreamnev.org\/wp-content\/uploads\/2005\/07\/marc_new_look-150x150.jpg\" class=\"attachment-thumbnail size-thumbnail\" alt=\"Le new look de Marc\" aria-describedby=\"gallery-1-1362\" \/><\/a>\n\t\t\t<\/div>\n\t\t\t\t<figcaption class='wp-caption-text gallery-caption' id='gallery-1-1362'>\n\t\t\t\tLe new look de Marc\n\t\t\t\t<\/figcaption><\/figure><figure class='gallery-item'>\n\t\t\t<div class='gallery-icon landscape'>\n\t\t\t\t<a href='https:\/\/dreamnev.org\/wp-content\/uploads\/2005\/07\/marc_surf_mobydick.jpg'><img loading=\"lazy\" decoding=\"async\" width=\"150\" height=\"150\" src=\"https:\/\/dreamnev.org\/wp-content\/uploads\/2005\/07\/marc_surf_mobydick-150x150.jpg\" class=\"attachment-thumbnail size-thumbnail\" alt=\"Marc surfe sur la Moby Dick\" aria-describedby=\"gallery-1-1359\" \/><\/a>\n\t\t\t<\/div>\n\t\t\t\t<figcaption class='wp-caption-text gallery-caption' id='gallery-1-1359'>\n\t\t\t\tMarc surfe sur la Moby Dick\n\t\t\t\t<\/figcaption><\/figure><figure class='gallery-item'>\n\t\t\t<div class='gallery-icon landscape'>\n\t\t\t\t<a href='https:\/\/dreamnev.org\/wp-content\/uploads\/2005\/07\/niko.jpg'><img loading=\"lazy\" decoding=\"async\" width=\"150\" height=\"150\" src=\"https:\/\/dreamnev.org\/wp-content\/uploads\/2005\/07\/niko-150x150.jpg\" class=\"attachment-thumbnail size-thumbnail\" alt=\"Niko\" aria-describedby=\"gallery-1-1370\" \/><\/a>\n\t\t\t<\/div>\n\t\t\t\t<figcaption class='wp-caption-text gallery-caption' id='gallery-1-1370'>\n\t\t\t\tNiko\n\t\t\t\t<\/figcaption><\/figure><figure class='gallery-item'>\n\t\t\t<div class='gallery-icon landscape'>\n\t\t\t\t<a href='https:\/\/dreamnev.org\/wp-content\/uploads\/2005\/07\/palanque.jpg'><img loading=\"lazy\" decoding=\"async\" width=\"150\" height=\"150\" src=\"https:\/\/dreamnev.org\/wp-content\/uploads\/2005\/07\/palanque-150x150.jpg\" class=\"attachment-thumbnail size-thumbnail\" alt=\"Une palanqu\u00e9e\" aria-describedby=\"gallery-1-1349\" \/><\/a>\n\t\t\t<\/div>\n\t\t\t\t<figcaption class='wp-caption-text gallery-caption' id='gallery-1-1349'>\n\t\t\t\tUne palanqu\u00e9e\n\t\t\t\t<\/figcaption><\/figure><figure class='gallery-item'>\n\t\t\t<div class='gallery-icon landscape'>\n\t\t\t\t<a href='https:\/\/dreamnev.org\/wp-content\/uploads\/2005\/07\/remise_prix.jpg'><img loading=\"lazy\" decoding=\"async\" width=\"150\" height=\"150\" src=\"https:\/\/dreamnev.org\/wp-content\/uploads\/2005\/07\/remise_prix-150x150.jpg\" class=\"attachment-thumbnail size-thumbnail\" alt=\"Remise des prix de la course\" aria-describedby=\"gallery-1-1354\" \/><\/a>\n\t\t\t<\/div>\n\t\t\t\t<figcaption class='wp-caption-text gallery-caption' id='gallery-1-1354'>\n\t\t\t\tRemise des prix de la course\n\t\t\t\t<\/figcaption><\/figure><figure class='gallery-item'>\n\t\t\t<div class='gallery-icon landscape'>\n\t\t\t\t<a href='https:\/\/dreamnev.org\/wp-content\/uploads\/2005\/07\/remise_prix1.jpg'><img loading=\"lazy\" decoding=\"async\" width=\"150\" height=\"150\" src=\"https:\/\/dreamnev.org\/wp-content\/uploads\/2005\/07\/remise_prix1-150x150.jpg\" class=\"attachment-thumbnail size-thumbnail\" alt=\"Remise des prix de la course\" aria-describedby=\"gallery-1-1371\" \/><\/a>\n\t\t\t<\/div>\n\t\t\t\t<figcaption class='wp-caption-text gallery-caption' id='gallery-1-1371'>\n\t\t\t\tRemise des prix de la course\n\t\t\t\t<\/figcaption><\/figure><figure class='gallery-item'>\n\t\t\t<div class='gallery-icon portrait'>\n\t\t\t\t<a href='https:\/\/dreamnev.org\/wp-content\/uploads\/2005\/07\/toulouse_team.jpg'><img loading=\"lazy\" decoding=\"async\" width=\"150\" height=\"150\" src=\"https:\/\/dreamnev.org\/wp-content\/uploads\/2005\/07\/toulouse_team-150x150.jpg\" class=\"attachment-thumbnail size-thumbnail\" alt=\"Le Toulouse Team\" aria-describedby=\"gallery-1-1352\" \/><\/a>\n\t\t\t<\/div>\n\t\t\t\t<figcaption class='wp-caption-text gallery-caption' id='gallery-1-1352'>\n\t\t\t\tLe Toulouse Team\n\t\t\t\t<\/figcaption><\/figure><figure class='gallery-item'>\n\t\t\t<div class='gallery-icon landscape'>\n\t\t\t\t<a href='https:\/\/dreamnev.org\/wp-content\/uploads\/2005\/07\/vanvan.jpg'><img loading=\"lazy\" decoding=\"async\" width=\"150\" height=\"150\" src=\"https:\/\/dreamnev.org\/wp-content\/uploads\/2005\/07\/vanvan-150x150.jpg\" class=\"attachment-thumbnail size-thumbnail\" alt=\"Vanvan\" aria-describedby=\"gallery-1-1350\" \/><\/a>\n\t\t\t<\/div>\n\t\t\t\t<figcaption class='wp-caption-text gallery-caption' id='gallery-1-1350'>\n\t\t\t\tVanvan\n\t\t\t\t<\/figcaption><\/figure><figure class='gallery-item'>\n\t\t\t<div class='gallery-icon landscape'>\n\t\t\t\t<a href='https:\/\/dreamnev.org\/wp-content\/uploads\/2005\/07\/yvan_surf.jpg'><img loading=\"lazy\" decoding=\"async\" width=\"150\" height=\"150\" src=\"https:\/\/dreamnev.org\/wp-content\/uploads\/2005\/07\/yvan_surf-150x150.jpg\" class=\"attachment-thumbnail size-thumbnail\" alt=\"Yvan surfe encore ...\" aria-describedby=\"gallery-1-1348\" \/><\/a>\n\t\t\t<\/div>\n\t\t\t\t<figcaption class='wp-caption-text gallery-caption' id='gallery-1-1348'>\n\t\t\t\tYvan surfe encore &#8230;\n\t\t\t\t<\/figcaption><\/figure><figure class='gallery-item'>\n\t\t\t<div class='gallery-icon landscape'>\n\t\t\t\t<a href='https:\/\/dreamnev.org\/wp-content\/uploads\/2005\/07\/yvan_surf_mobydick.jpg'><img loading=\"lazy\" decoding=\"async\" width=\"150\" height=\"150\" src=\"https:\/\/dreamnev.org\/wp-content\/uploads\/2005\/07\/yvan_surf_mobydick-150x150.jpg\" class=\"attachment-thumbnail size-thumbnail\" alt=\"Yvan surfe aussi sur la Moby Dick\" aria-describedby=\"gallery-1-1360\" \/><\/a>\n\t\t\t<\/div>\n\t\t\t\t<figcaption class='wp-caption-text gallery-caption' id='gallery-1-1360'>\n\t\t\t\tYvan surfe aussi sur la Moby Dick\n\t\t\t\t<\/figcaption><\/figure><figure class='gallery-item'>\n\t\t\t<div class='gallery-icon landscape'>\n\t\t\t\t<a href='https:\/\/dreamnev.org\/wp-content\/uploads\/2005\/07\/Dora_Kayak_Ayasse.jpg'><img loading=\"lazy\" decoding=\"async\" width=\"150\" height=\"150\" src=\"https:\/\/dreamnev.org\/wp-content\/uploads\/2005\/07\/Dora_Kayak_Ayasse-150x150.jpg\" class=\"attachment-thumbnail size-thumbnail\" alt=\"Escapade des kayakistes sur l&#039;Ayasse\" aria-describedby=\"gallery-1-1367\" \/><\/a>\n\t\t\t<\/div>\n\t\t\t\t<figcaption class='wp-caption-text gallery-caption' id='gallery-1-1367'>\n\t\t\t\tEscapade des kayakistes sur l&rsquo;Ayasse\n\t\t\t\t<\/figcaption><\/figure><figure class='gallery-item'>\n\t\t\t<div class='gallery-icon landscape'>\n\t\t\t\t<a href='https:\/\/dreamnev.org\/wp-content\/uploads\/2005\/07\/Dora_Kayak_Depart_Classique.jpg'><img loading=\"lazy\" decoding=\"async\" width=\"150\" height=\"150\" src=\"https:\/\/dreamnev.org\/wp-content\/uploads\/2005\/07\/Dora_Kayak_Depart_Classique-150x150.jpg\" class=\"attachment-thumbnail size-thumbnail\" alt=\"Il faudra s&#039;y habituer, la communaut\u00e9 s&#039;agrandit et se diversifie\" aria-describedby=\"gallery-1-1364\" \/><\/a>\n\t\t\t<\/div>\n\t\t\t\t<figcaption class='wp-caption-text gallery-caption' id='gallery-1-1364'>\n\t\t\t\tIl faudra s&rsquo;y habituer, la communaut\u00e9 s&rsquo;agrandit et se diversifie\n\t\t\t\t<\/figcaption><\/figure><figure class='gallery-item'>\n\t\t\t<div class='gallery-icon landscape'>\n\t\t\t\t<a href='https:\/\/dreamnev.org\/wp-content\/uploads\/2005\/07\/Dora_Kayak_La_Salle_1.jpg'><img loading=\"lazy\" decoding=\"async\" width=\"150\" height=\"150\" src=\"https:\/\/dreamnev.org\/wp-content\/uploads\/2005\/07\/Dora_Kayak_La_Salle_1-150x150.jpg\" class=\"attachment-thumbnail size-thumbnail\" alt=\"En approchant du barrage de La Salle\" aria-describedby=\"gallery-1-1365\" \/><\/a>\n\t\t\t<\/div>\n\t\t\t\t<figcaption class='wp-caption-text gallery-caption' id='gallery-1-1365'>\n\t\t\t\tEn approchant du barrage de La Salle\n\t\t\t\t<\/figcaption><\/figure><figure class='gallery-item'>\n\t\t\t<div class='gallery-icon landscape'>\n\t\t\t\t<a href='https:\/\/dreamnev.org\/wp-content\/uploads\/2005\/07\/Dora_Kayak_La_Salle_2.jpg'><img loading=\"lazy\" decoding=\"async\" width=\"150\" height=\"150\" src=\"https:\/\/dreamnev.org\/wp-content\/uploads\/2005\/07\/Dora_Kayak_La_Salle_2-150x150.jpg\" class=\"attachment-thumbnail size-thumbnail\" alt=\"Glissade d&#039;un kayakiste sur le barrage de la Salle\" aria-describedby=\"gallery-1-1366\" \/><\/a>\n\t\t\t<\/div>\n\t\t\t\t<figcaption class='wp-caption-text gallery-caption' id='gallery-1-1366'>\n\t\t\t\tGlissade d&rsquo;un kayakiste sur le barrage de la Salle\n\t\t\t\t<\/figcaption><\/figure><figure class='gallery-item'>\n\t\t\t<div class='gallery-icon landscape'>\n\t\t\t\t<a href='https:\/\/dreamnev.org\/wp-content\/uploads\/2005\/07\/Dora_campement_1.jpg'><img loading=\"lazy\" decoding=\"async\" width=\"150\" height=\"150\" src=\"https:\/\/dreamnev.org\/wp-content\/uploads\/2005\/07\/Dora_campement_1-150x150.jpg\" class=\"attachment-thumbnail size-thumbnail\" alt=\"Une partie du campement\" aria-describedby=\"gallery-1-1363\" \/><\/a>\n\t\t\t<\/div>\n\t\t\t\t<figcaption class='wp-caption-text gallery-caption' id='gallery-1-1363'>\n\t\t\t\tUne partie du campement\n\t\t\t\t<\/figcaption><\/figure><figure class='gallery-item'>\n\t\t\t<div class='gallery-icon landscape'>\n\t\t\t\t<a href='https:\/\/dreamnev.org\/wp-content\/uploads\/2005\/07\/Dora_campement_2.jpg'><img loading=\"lazy\" decoding=\"async\" width=\"150\" height=\"150\" src=\"https:\/\/dreamnev.org\/wp-content\/uploads\/2005\/07\/Dora_campement_2-150x150.jpg\" class=\"attachment-thumbnail size-thumbnail\" alt=\"M\u00e9thode pour boire des bi\u00e8res \u00e0 la mode du team kayak de Nice\" aria-describedby=\"gallery-1-1368\" \/><\/a>\n\t\t\t<\/div>\n\t\t\t\t<figcaption class='wp-caption-text gallery-caption' id='gallery-1-1368'>\n\t\t\t\tM\u00e9thode pour boire des bi\u00e8res \u00e0 la mode du team kayak de Nice\n\t\t\t\t<\/figcaption><\/figure>\n\t\t<\/div>\n<\/p>\n","protected":false},"excerpt":{"rendered":"<p>Le compte-rendu en photos du rassemblement de la Dora Baltea version 2005.<\/p>\n","protected":false},"author":1,"featured_media":1342,"comment_status":"closed","ping_status":"open","sticky":false,"template":"","format":"standard","meta":{"footnotes":""},"categories":[8],"tags":[],"class_list":["post-1369","post","type-post","status-publish","format-standard","has-post-thumbnail","hentry","category-temoignages-et-reportages"],"_links":{"self":[{"href":"https:\/\/dreamnev.org\/index.php\/wp-json\/wp\/v2\/posts\/1369","targetHints":{"allow":["GET"]}}],"collection":[{"href":"https:\/\/dreamnev.org\/index.php\/wp-json\/wp\/v2\/posts"}],"about":[{"href":"https:\/\/dreamnev.org\/index.php\/wp-json\/wp\/v2\/types\/post"}],"author":[{"embeddable":true,"href":"https:\/\/dreamnev.org\/index.php\/wp-json\/wp\/v2\/users\/1"}],"replies":[{"embeddable":true,"href":"https:\/\/dreamnev.org\/index.php\/wp-json\/wp\/v2\/comments?post=1369"}],"version-history":[{"count":1,"href":"https:\/\/dreamnev.org\/index.php\/wp-json\/wp\/v2\/posts\/1369\/revisions"}],"predecessor-version":[{"id":1372,"href":"https:\/\/dreamnev.org\/index.php\/wp-json\/wp\/v2\/posts\/1369\/revisions\/1372"}],"wp:featuredmedia":[{"embeddable":true,"href":"https:\/\/dreamnev.org\/index.php\/wp-json\/wp\/v2\/media\/1342"}],"wp:attachment":[{"href":"https:\/\/dreamnev.org\/index.php\/wp-json\/wp\/v2\/media?parent=1369"}],"wp:term":[{"taxonomy":"category","embeddable":true,"href":"https:\/\/dreamnev.org\/index.php\/wp-json\/wp\/v2\/categories?post=1369"},{"taxonomy":"post_tag","embeddable":true,"href":"https:\/\/dreamnev.org\/index.php\/wp-json\/wp\/v2\/tags?post=1369"}],"curies":[{"name":"wp","href":"https:\/\/api.w.org\/{rel}","templated":true}]}}