{"id":1328,"date":"2004-05-26T23:52:50","date_gmt":"2004-05-26T21:52:50","guid":{"rendered":"http:\/\/dreamnev.eu\/index.php\/2004\/05\/26\/espagne-noguera-pallaressa-en-mai\/"},"modified":"2023-07-23T19:16:22","modified_gmt":"2023-07-23T17:16:22","slug":"espagne-noguera-pallaressa-en-mai","status":"publish","type":"post","link":"https:\/\/dreamnev.org\/index.php\/2004\/05\/26\/espagne-noguera-pallaressa-en-mai\/","title":{"rendered":"Espagne &#8211; Noguera Pallaressa en Mai 2004"},"content":{"rendered":"<p class=\"post_excerpt\">Du jeudi 20 au dimanche 23 mai 2004, pr\u00e8s d&rsquo;une trentaine de nageurs venus de toute la France se sont retrouv\u00e9s pour le week-end de l&rsquo;Ascension pour le rassemblement d&rsquo;hydrospeed en Espagne.\n<\/p>\n<p><!--more--><br \/>\n<a href=\"http:\/\/www.riph.net\">RIPH International<\/a> avait donn\u00e9 rendez-vous \u00e0 tous les nageurs de la plan\u00e8te sur les versant espagnols des Pyr\u00e9n\u00e9es pour 4 jours de rencontres, d&rsquo;hydrospeed et de f\u00eate. <\/p>\n<p>M\u00eame la <a href=\"http:\/\/perso.wanadoo.fr\/team-cachou\/\">grenouille Davis<\/a> \u00e9tait l\u00e0, apport\u00e9e d&rsquo;Espagne par Francis.<\/p>\n<figure id=\"attachment_1314\" aria-describedby=\"caption-attachment-1314\" style=\"width: 800px\" class=\"wp-caption aligncenter\"><img loading=\"lazy\" decoding=\"async\" class=\" aligncenter size-full wp-image-1314\" src=\"http:\/\/dreamnev.eu\/wp-content\/uploads\/2004\/05\/P5200261_Installation.jpg\" alt=\"Installation au camping de Sort\" title=\"Installation au camping de Sort\" class=\"caption\" data-description=\"Photo Marc ETTINGER\" align=\"center\" width=\"800\" height=\"600\" srcset=\"https:\/\/dreamnev.org\/wp-content\/uploads\/2004\/05\/P5200261_Installation.jpg 800w, https:\/\/dreamnev.org\/wp-content\/uploads\/2004\/05\/P5200261_Installation-300x225.jpg 300w, https:\/\/dreamnev.org\/wp-content\/uploads\/2004\/05\/P5200261_Installation-768x576.jpg 768w\" sizes=\"auto, (max-width: 800px) 100vw, 800px\" \/><figcaption id=\"caption-attachment-1314\" class=\"wp-caption-text\">Installation au camping de Sort<\/figcaption><\/figure>\n<p>Malgr\u00e9 le temps peu cl\u00e9ment, l&rsquo;objectif a \u00e9t\u00e9 largement atteint, jugez plut\u00f4t :<\/p>\n<h2>Pour les rivi\u00e8res<\/h2>\n<p>&#8211; Le parcours classique de la Noguera Palleressa avec sa glissi\u00e8re<br \/>\n&#8211; Le parcours balade de la Noguera Palleressa<br \/>\n&#8211; La Haute Noguera Palleressa et ses gorges<br \/>\n&#8211; La Noguera de Vallferrera<\/p>\n<p><strong>Le parcours classique de la Noguera Palleressa<\/strong><br \/>\n<br \/>Embarqu\u00e9s en aval de Llavorsi, nous avons fait ce parcours jusqu&rsquo;\u00e0 4 fois en 4 jours. Avec un niveau d&rsquo;eau exceptionnel, les 4 espagnoles \u00e9taient invisibles mais une bonne moiti\u00e9 du parcours \u00e9tait truff\u00e9 de trains de vagues et de vageus \u00e0 surf. M\u00eame Fred\u00e9ric, baptis\u00e9 sur ce parcours, a fini par faire des boussoles en haut des vagues.<\/p>\n<figure id=\"attachment_1315\" aria-describedby=\"caption-attachment-1315\" style=\"width: 800px\" class=\"wp-caption aligncenter\"><img loading=\"lazy\" decoding=\"async\" class=\" aligncenter size-full wp-image-1315\" src=\"http:\/\/dreamnev.eu\/wp-content\/uploads\/2004\/05\/183_8360_repos_et_saut.jpg\" alt=\"Repos et saut sur la partie classique\" title=\"Repos et saut sur la partie classique\" class=\"caption\" data-description=\"Photo Daniel CHATELAIN\" align=\"center\" width=\"800\" height=\"649\" srcset=\"https:\/\/dreamnev.org\/wp-content\/uploads\/2004\/05\/183_8360_repos_et_saut.jpg 800w, https:\/\/dreamnev.org\/wp-content\/uploads\/2004\/05\/183_8360_repos_et_saut-300x243.jpg 300w, https:\/\/dreamnev.org\/wp-content\/uploads\/2004\/05\/183_8360_repos_et_saut-768x623.jpg 768w\" sizes=\"auto, (max-width: 800px) 100vw, 800px\" \/><figcaption id=\"caption-attachment-1315\" class=\"wp-caption-text\">Repos et saut sur la partie classique<\/figcaption><\/figure>\n<p>Apr\u00e8s \u00e9tudes et \u00e9changes avec les rafteurs du coin et les kayakistes, nous nous sommes d\u00e9cid\u00e9s \u00e0 passer la glissi\u00e8re du barrage en aval de Rialp.<\/p>\n<p>Vraiment impressionnant ! Arriv\u00e9s \u00e0 pleine vitesse dans la vague, soit on la traverse (sur la partie gauche) sans \u00eatre frein\u00e9, soit on sort en vrac (sur la partie droite), parfois en faisant la truite pendant quelques secondes (hein S\u00e9verine !)<\/p>\n<p><doc2350|center><\/p>\n<p><strong>Le parcours balade de la Noguera Palleressa<\/strong><br \/>\n<br \/>Tr\u00e8s beau parcours quoique un peu long. La vague \u00e0 surf \u00e0 la sortie de Sort s&rsquo;est transform\u00e9 en vague \u00e0 vrac ! Les passages de la vip\u00e8re et du pastis \u00e9taient tr\u00e8s soutenus.<br \/>\nQuant aux gorges des Collegats, elles sont toujours aussi belles.<\/p>\n<p><strong>La Haute Noguera Palleressa <\/strong><br \/>\nParcours mythique, 11 kilom\u00e8tres \u00ab\u00a0qui envoient\u00a0\u00bb avec 2 planiols de &#8230; 25 m\u00e8tres chacun et tr\u00e8s peu de contres o\u00f9 s&rsquo;arr\u00eater.<br \/>\n<br \/>Le tout avec un niveau d&rsquo;eau exceptionnel, avec une eau froide qui vous met la barre au front d\u00e8s les 10 premiers m\u00e8tres. Du coup, nous pr\u00e9f\u00e9rons shunter la totalit\u00e9 de la gorge de l&rsquo;Ecstasy et sa barre de rappel. Le second gros passage class\u00e9 5 sera aussi lui aussi largement \u00e9vit\u00e9.<\/p>\n<p><figure id=\"attachment_1316\" aria-describedby=\"caption-attachment-1316\" style=\"width: 800px\" class=\"wp-caption aligncenter\"><img loading=\"lazy\" decoding=\"async\" class=\" aligncenter size-full wp-image-1316\" src=\"http:\/\/dreamnev.eu\/wp-content\/uploads\/2004\/05\/P5210273_Haute_Palla.jpg\" alt=\"D\u00e8s le d\u00e9but de la Haute Pallaressa, \u00e7a envoie !\" title=\"D\u00e8s le d\u00e9but de la Haute Pallaressa, \u00e7a envoie !\" class=\"caption\" data-description=\"Photo Marc ETTINGER\" align=\"center\" width=\"800\" height=\"583\" srcset=\"https:\/\/dreamnev.org\/wp-content\/uploads\/2004\/05\/P5210273_Haute_Palla.jpg 800w, https:\/\/dreamnev.org\/wp-content\/uploads\/2004\/05\/P5210273_Haute_Palla-300x219.jpg 300w, https:\/\/dreamnev.org\/wp-content\/uploads\/2004\/05\/P5210273_Haute_Palla-768x560.jpg 768w\" sizes=\"auto, (max-width: 800px) 100vw, 800px\" \/><figcaption id=\"caption-attachment-1316\" class=\"wp-caption-text\">D\u00e8s le d\u00e9but de la Haute Pallaressa, \u00e7a envoie !<\/figcaption><\/figure><br \/>\n<figure id=\"attachment_1317\" aria-describedby=\"caption-attachment-1317\" style=\"width: 800px\" class=\"wp-caption aligncenter\"><img loading=\"lazy\" decoding=\"async\" class=\" aligncenter size-full wp-image-1317\" src=\"http:\/\/dreamnev.eu\/wp-content\/uploads\/2004\/05\/P5210275_Haute_Palla.jpg\" alt=\"Haute Palla\" title=\"Haute Palla\" class=\"caption\" data-description=\"Photo Marc ETTINGER\" align=\"center\" width=\"800\" height=\"600\" srcset=\"https:\/\/dreamnev.org\/wp-content\/uploads\/2004\/05\/P5210275_Haute_Palla.jpg 800w, https:\/\/dreamnev.org\/wp-content\/uploads\/2004\/05\/P5210275_Haute_Palla-300x225.jpg 300w, https:\/\/dreamnev.org\/wp-content\/uploads\/2004\/05\/P5210275_Haute_Palla-768x576.jpg 768w\" sizes=\"auto, (max-width: 800px) 100vw, 800px\" \/><figcaption id=\"caption-attachment-1317\" class=\"wp-caption-text\">Haute Palla<\/figcaption><\/figure><\/p>\n<p><figure id=\"attachment_1318\" aria-describedby=\"caption-attachment-1318\" style=\"width: 600px\" class=\"wp-caption aligncenter\"><img loading=\"lazy\" decoding=\"async\" class=\" aligncenter size-full wp-image-1318\" src=\"http:\/\/dreamnev.eu\/wp-content\/uploads\/2004\/05\/P5210281_Portage_sur_haute_Palla.jpg\" alt=\"Portage sur la haute Palla\" title=\"Portage sur la haute Palla\" class=\"caption\" data-description=\"Photo Marc ETTINGER\" align=\"center\" width=\"600\" height=\"786\" srcset=\"https:\/\/dreamnev.org\/wp-content\/uploads\/2004\/05\/P5210281_Portage_sur_haute_Palla.jpg 600w, https:\/\/dreamnev.org\/wp-content\/uploads\/2004\/05\/P5210281_Portage_sur_haute_Palla-229x300.jpg 229w\" sizes=\"auto, (max-width: 600px) 100vw, 600px\" \/><figcaption id=\"caption-attachment-1318\" class=\"wp-caption-text\">Portage sur la haute Palla<\/figcaption><\/figure><br \/>\n<figure id=\"attachment_1319\" aria-describedby=\"caption-attachment-1319\" style=\"width: 800px\" class=\"wp-caption aligncenter\"><img loading=\"lazy\" decoding=\"async\" class=\" aligncenter size-full wp-image-1319\" src=\"http:\/\/dreamnev.eu\/wp-content\/uploads\/2004\/05\/P5210285_Haute_Palla.jpg\" alt=\"Haute Palla\" title=\"Haute Palla\" class=\"caption\" data-description=\"Photo Marc ETTINGER\" align=\"center\" width=\"800\" height=\"629\" srcset=\"https:\/\/dreamnev.org\/wp-content\/uploads\/2004\/05\/P5210285_Haute_Palla.jpg 800w, https:\/\/dreamnev.org\/wp-content\/uploads\/2004\/05\/P5210285_Haute_Palla-300x236.jpg 300w, https:\/\/dreamnev.org\/wp-content\/uploads\/2004\/05\/P5210285_Haute_Palla-768x604.jpg 768w\" sizes=\"auto, (max-width: 800px) 100vw, 800px\" \/><figcaption id=\"caption-attachment-1319\" class=\"wp-caption-text\">Haute Palla<\/figcaption><\/figure><\/p>\n<p><doc2352|center><\/p>\n<p><strong>La Noguera de Vallferrera<\/strong><br \/>\n<br \/>Dop\u00e9s par la Haute Palleressa, Ivan et Mouton (nom d&rsquo;artiste de Sylvain PERRY) se mettent en qu\u00eate d&rsquo;une nouvelle rivi\u00e8re, accessibles aux plus exp\u00e9riment\u00e9s d&rsquo;entre nous. Ce sera la Noguera de Vallferrera.<br \/>\n<br \/>Tout au bout d&rsquo;une piste qui semble mener nulle part, apr\u00e8s avoir pass\u00e9 une sorte de col, appara\u00eet enfin le lieu d&#8217;embarquement du Rio Noguera de Vallferrera.<br \/>\n<br \/>C&rsquo;est du classe IV, V, assez engag\u00e9 et les principales difficult\u00e9s sont les arbres et le manque de visibilit\u00e9.<br \/>\n<br \/>Mouton, Marc, Ivan et Mathias ouvrent pour les 3 palanqu\u00e9es qui se suivent \u00e0 vue en se montrant les passages les unes aux autres.<\/p>\n<p><figure id=\"attachment_1320\" aria-describedby=\"caption-attachment-1320\" style=\"width: 800px\" class=\"wp-caption aligncenter\"><img loading=\"lazy\" decoding=\"async\" class=\" aligncenter size-full wp-image-1320\" src=\"http:\/\/dreamnev.eu\/wp-content\/uploads\/2004\/05\/P5220331_Vallferrera.jpg\" alt=\"Petit seuil sur la Noguerra de Vallferrera\" title=\"Petit seuil sur la Noguerra de Vallferrera\" class=\"caption\" data-description=\"Photo Marc ETTINGER\" align=\"center\" width=\"800\" height=\"600\" srcset=\"https:\/\/dreamnev.org\/wp-content\/uploads\/2004\/05\/P5220331_Vallferrera.jpg 800w, https:\/\/dreamnev.org\/wp-content\/uploads\/2004\/05\/P5220331_Vallferrera-300x225.jpg 300w, https:\/\/dreamnev.org\/wp-content\/uploads\/2004\/05\/P5220331_Vallferrera-768x576.jpg 768w\" sizes=\"auto, (max-width: 800px) 100vw, 800px\" \/><figcaption id=\"caption-attachment-1320\" class=\"wp-caption-text\">Petit seuil sur la Noguerra de Vallferrera<\/figcaption><\/figure><figure id=\"attachment_1321\" aria-describedby=\"caption-attachment-1321\" style=\"width: 800px\" class=\"wp-caption aligncenter\"><img loading=\"lazy\" decoding=\"async\" class=\" aligncenter size-full wp-image-1321\" src=\"http:\/\/dreamnev.eu\/wp-content\/uploads\/2004\/05\/183_8384_depart_sur_la_Vallferrera.jpg\" alt=\"Avant le d\u00e9part sur la Vallferrera\" title=\"Avant le d\u00e9part sur la Vallferrera\" class=\"caption\" data-description=\"Photo Daniel CHATELAIN\" align=\"center\" width=\"800\" height=\"592\" srcset=\"https:\/\/dreamnev.org\/wp-content\/uploads\/2004\/05\/183_8384_depart_sur_la_Vallferrera.jpg 800w, https:\/\/dreamnev.org\/wp-content\/uploads\/2004\/05\/183_8384_depart_sur_la_Vallferrera-300x222.jpg 300w, https:\/\/dreamnev.org\/wp-content\/uploads\/2004\/05\/183_8384_depart_sur_la_Vallferrera-768x568.jpg 768w\" sizes=\"auto, (max-width: 800px) 100vw, 800px\" \/><figcaption id=\"caption-attachment-1321\" class=\"wp-caption-text\">Avant le d\u00e9part sur la Vallferrera<\/figcaption><\/figure><br \/>\n<figure id=\"attachment_1322\" aria-describedby=\"caption-attachment-1322\" style=\"width: 800px\" class=\"wp-caption aligncenter\"><img loading=\"lazy\" decoding=\"async\" class=\" aligncenter size-full wp-image-1322\" src=\"http:\/\/dreamnev.eu\/wp-content\/uploads\/2004\/05\/183_8397_arrivee_sur_la_Vallferrera.jpg\" alt=\"Arriv\u00e9e sur la Vallferrera\" title=\"Arriv\u00e9e sur la Vallferrera\" class=\"caption\" data-description=\"Photo Daniel CHATELAIN\" align=\"center\" width=\"800\" height=\"574\" srcset=\"https:\/\/dreamnev.org\/wp-content\/uploads\/2004\/05\/183_8397_arrivee_sur_la_Vallferrera.jpg 800w, https:\/\/dreamnev.org\/wp-content\/uploads\/2004\/05\/183_8397_arrivee_sur_la_Vallferrera-300x215.jpg 300w, https:\/\/dreamnev.org\/wp-content\/uploads\/2004\/05\/183_8397_arrivee_sur_la_Vallferrera-768x551.jpg 768w\" sizes=\"auto, (max-width: 800px) 100vw, 800px\" \/><figcaption id=\"caption-attachment-1322\" class=\"wp-caption-text\">Arriv\u00e9e sur la Vallferrera<\/figcaption><\/figure><figure id=\"attachment_1323\" aria-describedby=\"caption-attachment-1323\" style=\"width: 800px\" class=\"wp-caption aligncenter\"><img loading=\"lazy\" decoding=\"async\" class=\" aligncenter size-full wp-image-1323\" src=\"http:\/\/dreamnev.eu\/wp-content\/uploads\/2004\/05\/P5220326_depart_sur_la_Vallferrera.jpg\" alt=\"D\u00e9part sur la Vallferrera\" title=\"D\u00e9part sur la Vallferrera\" class=\"caption\" data-description=\"Photo Marc ETTINGER\" align=\"center\" width=\"800\" height=\"600\" srcset=\"https:\/\/dreamnev.org\/wp-content\/uploads\/2004\/05\/P5220326_depart_sur_la_Vallferrera.jpg 800w, https:\/\/dreamnev.org\/wp-content\/uploads\/2004\/05\/P5220326_depart_sur_la_Vallferrera-300x225.jpg 300w, https:\/\/dreamnev.org\/wp-content\/uploads\/2004\/05\/P5220326_depart_sur_la_Vallferrera-768x576.jpg 768w\" sizes=\"auto, (max-width: 800px) 100vw, 800px\" \/><figcaption id=\"caption-attachment-1323\" class=\"wp-caption-text\">D\u00e9part sur la Vallferrera<\/figcaption><\/figure><\/p>\n<figure id=\"attachment_1324\" aria-describedby=\"caption-attachment-1324\" style=\"width: 800px\" class=\"wp-caption aligncenter\"><img loading=\"lazy\" decoding=\"async\" class=\" aligncenter size-full wp-image-1324\" src=\"http:\/\/dreamnev.eu\/wp-content\/uploads\/2004\/05\/P5220347_Vallferrera.jpg\" alt=\"Marches sur la Vallferrera\" title=\"Marches sur la Vallferrera\" class=\"caption\" data-description=\"Photo Marc ETTINGER\" align=\"center\" width=\"800\" height=\"600\" srcset=\"https:\/\/dreamnev.org\/wp-content\/uploads\/2004\/05\/P5220347_Vallferrera.jpg 800w, https:\/\/dreamnev.org\/wp-content\/uploads\/2004\/05\/P5220347_Vallferrera-300x225.jpg 300w, https:\/\/dreamnev.org\/wp-content\/uploads\/2004\/05\/P5220347_Vallferrera-768x576.jpg 768w\" sizes=\"auto, (max-width: 800px) 100vw, 800px\" \/><figcaption id=\"caption-attachment-1324\" class=\"wp-caption-text\">Marches sur la Vallferrera<\/figcaption><\/figure>\n<p>La pente est impressionnante, la rivi\u00e8re se resserre souvent dans des minis gorges. Le paysage est magnifique. Heureusement, il y a de nombreux petits seuils qui nous permettent de ralentir notre progression. Les stops sont courts et il nous faut parfois monter sur la roche pour laisser la place aux suivants.<\/p>\n<p>Au deux tiers du parcours, nous d\u00e9cidons de finir \u00e0 pied sur un semblant de sentier : il y a vraiment beaucoup d&rsquo;arbres et la rivi\u00e8re fait de plus en plus de m\u00e9andres, rendant la reconnaissance difficile.<br \/>\n<br \/>Notre balade (agr\u00e9ment\u00e9e d&rsquo;un sauvetage de flotteur tomb\u00e9 dans l&rsquo;eau de 25 m\u00e8tres de haut !) nous laissera un sentiment mitig\u00e9 : en bas, la rivi\u00e8re est superbe mais il y a effectivement beaucoup d&rsquo;arbres !<br \/>\n<br \/>Nous finirons n\u00e9anmoins par nous remettre \u00e0 l&rsquo;eau pour les quelques centaines de m\u00e8tres avant la prise d&rsquo;eau.<\/p>\n<h2>Et \u00e0 c\u00f4t\u00e9 ?<\/h2>\n<p>&#8211; Des ap\u00e9ros sympathiques, quand m\u00eame pas aussi grands et somptueux qu&rsquo;\u00e0 Tongues Chaussettes mais &#8230; M\u00e8re Saucisse (Myriam) nous a sorti quelques sp\u00e9cialit\u00e9s maison pas mal du tout.<br \/>\n&#8211; Des projections de photos et de vid\u00e9os de Corse et d&rsquo;Espagne.<br \/>\n&#8211; Des grillades et des pl\u00e2tr\u00e9es de nouilles.<br \/>\n&#8211; L&rsquo;anniversaire de V\u00e9ro.<br \/>\n&#8211; Un petit restau \u00e0 14 Euros tout compris o\u00f9 Daniel, Jean-Pierre et Alain mettront une ambiance de feu sur un fond de petites espagnoles en tenue l\u00e9g\u00e8re.<br \/>\n&#8211; Un chocolat chaud dans un caf\u00e9 o\u00f9 nous assistons en acc\u00e9l\u00e9r\u00e9 \u00e0 la t\u00e9l\u00e9 au mariage du prince.<br \/>\n&#8211; Un bapt\u00eame (Fred) qui risque de trouver les autres rivi\u00e8res un peu fades.<\/p>\n<figure id=\"attachment_1325\" aria-describedby=\"caption-attachment-1325\" style=\"width: 800px\" class=\"wp-caption aligncenter\"><img loading=\"lazy\" decoding=\"async\" class=\" aligncenter size-full wp-image-1325\" src=\"http:\/\/dreamnev.eu\/wp-content\/uploads\/2004\/05\/183_8339_Repas_au_soleil.jpg\" alt=\"Repas au soleil\" title=\"Repas au soleil\" class=\"caption\" data-description=\"Photo Daniel CHATELAIN\" align=\"center\" width=\"800\" height=\"615\" srcset=\"https:\/\/dreamnev.org\/wp-content\/uploads\/2004\/05\/183_8339_Repas_au_soleil.jpg 800w, https:\/\/dreamnev.org\/wp-content\/uploads\/2004\/05\/183_8339_Repas_au_soleil-300x231.jpg 300w, https:\/\/dreamnev.org\/wp-content\/uploads\/2004\/05\/183_8339_Repas_au_soleil-768x590.jpg 768w\" sizes=\"auto, (max-width: 800px) 100vw, 800px\" \/><figcaption id=\"caption-attachment-1325\" class=\"wp-caption-text\">Repas au soleil<\/figcaption><\/figure>\n<figure id=\"attachment_1326\" aria-describedby=\"caption-attachment-1326\" style=\"width: 800px\" class=\"wp-caption aligncenter\"><img loading=\"lazy\" decoding=\"async\" class=\" aligncenter size-full wp-image-1326\" src=\"http:\/\/dreamnev.eu\/wp-content\/uploads\/2004\/05\/P5200266_Anniversaire_Vero.jpg\" alt=\"Anniversaire de V\u00e9ro MARC\" title=\"Anniversaire de V\u00e9ro MARC\" class=\"caption\" data-description=\"Photo Marc ETTINGER\" align=\"center\" width=\"800\" height=\"600\" srcset=\"https:\/\/dreamnev.org\/wp-content\/uploads\/2004\/05\/P5200266_Anniversaire_Vero.jpg 800w, https:\/\/dreamnev.org\/wp-content\/uploads\/2004\/05\/P5200266_Anniversaire_Vero-300x225.jpg 300w, https:\/\/dreamnev.org\/wp-content\/uploads\/2004\/05\/P5200266_Anniversaire_Vero-768x576.jpg 768w\" sizes=\"auto, (max-width: 800px) 100vw, 800px\" \/><figcaption id=\"caption-attachment-1326\" class=\"wp-caption-text\">Anniversaire de V\u00e9ro MARC<\/figcaption><\/figure>\n<figure id=\"attachment_1327\" aria-describedby=\"caption-attachment-1327\" style=\"width: 800px\" class=\"wp-caption aligncenter\"><img loading=\"lazy\" decoding=\"async\" class=\" aligncenter size-full wp-image-1327\" src=\"http:\/\/dreamnev.eu\/wp-content\/uploads\/2004\/05\/P5220377_Mere_Saucisse_sort_ses_specialites.jpg\" alt=\"M\u00e8re Sauccise (Myriam) sort ses sp\u00e9cialit\u00e9s : boudins, p\u00e2t\u00e9s, ... Hummm !!\" title=\"M\u00e8re Sauccise (Myriam) sort ses sp\u00e9cialit\u00e9s : boudins, p\u00e2t\u00e9s, ... Hummm !!\" class=\"caption\" data-description=\"Photo Marc ETTINGER\" align=\"center\" width=\"800\" height=\"600\" srcset=\"https:\/\/dreamnev.org\/wp-content\/uploads\/2004\/05\/P5220377_Mere_Saucisse_sort_ses_specialites.jpg 800w, https:\/\/dreamnev.org\/wp-content\/uploads\/2004\/05\/P5220377_Mere_Saucisse_sort_ses_specialites-300x225.jpg 300w, https:\/\/dreamnev.org\/wp-content\/uploads\/2004\/05\/P5220377_Mere_Saucisse_sort_ses_specialites-768x576.jpg 768w\" sizes=\"auto, (max-width: 800px) 100vw, 800px\" \/><figcaption id=\"caption-attachment-1327\" class=\"wp-caption-text\">M\u00e8re Sauccise (Myriam) sort ses sp\u00e9cialit\u00e9s : boudins, p\u00e2t\u00e9s, &#8230; Hummm !!<\/figcaption><\/figure>\n<h2>Au final<\/h2>\n<p>Au final, beaucoup d&rsquo;eau dans les rivi\u00e8res, un peu trop dans le ciel, des jeunes qui progressent en m\u00e9langeant assurance et maturit\u00e9 et une d\u00e9couverte pour tous, la Noguera de Vallferrera.<\/p>\n<p>A l&rsquo;ann\u00e9e prochaine !<\/p>\n<p><strong>Plus d&rsquo;infos :<\/strong><br \/>\nRetrouvez d&rsquo;autres photos et ce qui a suivi ce rassemblement (les Pyr\u00e9nerrances 2004) sur <a href=\"http:\/\/perso.wanadoo.fr\/internev2\/pyrenerrances2004\/pyrenerrances2004.htm#raid\">Internev<\/a>.<\/p>\n<div id='gallery-1' class='gallery galleryid-1328 gallery-columns-3 gallery-size-thumbnail'><figure class='gallery-item'>\n\t\t\t<div class='gallery-icon landscape'>\n\t\t\t\t<a href='https:\/\/dreamnev.org\/wp-content\/uploads\/2004\/05\/183_8339_Repas_au_soleil.jpg'><img loading=\"lazy\" decoding=\"async\" width=\"150\" height=\"150\" src=\"https:\/\/dreamnev.org\/wp-content\/uploads\/2004\/05\/183_8339_Repas_au_soleil-150x150.jpg\" class=\"attachment-thumbnail size-thumbnail\" alt=\"Repas au soleil\" aria-describedby=\"gallery-1-1325\" \/><\/a>\n\t\t\t<\/div>\n\t\t\t\t<figcaption class='wp-caption-text gallery-caption' id='gallery-1-1325'>\n\t\t\t\tRepas au soleil\n\t\t\t\t<\/figcaption><\/figure><figure class='gallery-item'>\n\t\t\t<div class='gallery-icon landscape'>\n\t\t\t\t<a href='https:\/\/dreamnev.org\/wp-content\/uploads\/2004\/05\/183_8360_repos_et_saut.jpg'><img loading=\"lazy\" decoding=\"async\" width=\"150\" height=\"150\" src=\"https:\/\/dreamnev.org\/wp-content\/uploads\/2004\/05\/183_8360_repos_et_saut-150x150.jpg\" class=\"attachment-thumbnail size-thumbnail\" alt=\"Repos et saut sur la partie classique\" aria-describedby=\"gallery-1-1315\" \/><\/a>\n\t\t\t<\/div>\n\t\t\t\t<figcaption class='wp-caption-text gallery-caption' id='gallery-1-1315'>\n\t\t\t\tRepos et saut sur la partie classique\n\t\t\t\t<\/figcaption><\/figure><figure class='gallery-item'>\n\t\t\t<div class='gallery-icon landscape'>\n\t\t\t\t<a href='https:\/\/dreamnev.org\/wp-content\/uploads\/2004\/05\/183_8384_depart_sur_la_Vallferrera.jpg'><img loading=\"lazy\" decoding=\"async\" width=\"150\" height=\"150\" src=\"https:\/\/dreamnev.org\/wp-content\/uploads\/2004\/05\/183_8384_depart_sur_la_Vallferrera-150x150.jpg\" class=\"attachment-thumbnail size-thumbnail\" alt=\"Avant le d\u00e9part sur la Vallferrera\" aria-describedby=\"gallery-1-1321\" \/><\/a>\n\t\t\t<\/div>\n\t\t\t\t<figcaption class='wp-caption-text gallery-caption' id='gallery-1-1321'>\n\t\t\t\tAvant le d\u00e9part sur la Vallferrera\n\t\t\t\t<\/figcaption><\/figure><figure class='gallery-item'>\n\t\t\t<div class='gallery-icon landscape'>\n\t\t\t\t<a href='https:\/\/dreamnev.org\/wp-content\/uploads\/2004\/05\/183_8397_arrivee_sur_la_Vallferrera.jpg'><img loading=\"lazy\" decoding=\"async\" width=\"150\" height=\"150\" src=\"https:\/\/dreamnev.org\/wp-content\/uploads\/2004\/05\/183_8397_arrivee_sur_la_Vallferrera-150x150.jpg\" class=\"attachment-thumbnail size-thumbnail\" alt=\"Arriv\u00e9e sur la Vallferrera\" aria-describedby=\"gallery-1-1322\" \/><\/a>\n\t\t\t<\/div>\n\t\t\t\t<figcaption class='wp-caption-text gallery-caption' id='gallery-1-1322'>\n\t\t\t\tArriv\u00e9e sur la Vallferrera\n\t\t\t\t<\/figcaption><\/figure><figure class='gallery-item'>\n\t\t\t<div class='gallery-icon landscape'>\n\t\t\t\t<a href='https:\/\/dreamnev.org\/wp-content\/uploads\/2004\/05\/P5200261_Installation.jpg'><img loading=\"lazy\" decoding=\"async\" width=\"150\" height=\"150\" src=\"https:\/\/dreamnev.org\/wp-content\/uploads\/2004\/05\/P5200261_Installation-150x150.jpg\" class=\"attachment-thumbnail size-thumbnail\" alt=\"Installation au camping de Sort\" aria-describedby=\"gallery-1-1314\" \/><\/a>\n\t\t\t<\/div>\n\t\t\t\t<figcaption class='wp-caption-text gallery-caption' id='gallery-1-1314'>\n\t\t\t\tInstallation au camping de Sort\n\t\t\t\t<\/figcaption><\/figure><figure class='gallery-item'>\n\t\t\t<div class='gallery-icon landscape'>\n\t\t\t\t<a href='https:\/\/dreamnev.org\/wp-content\/uploads\/2004\/05\/P5200266_Anniversaire_Vero.jpg'><img loading=\"lazy\" decoding=\"async\" width=\"150\" height=\"150\" src=\"https:\/\/dreamnev.org\/wp-content\/uploads\/2004\/05\/P5200266_Anniversaire_Vero-150x150.jpg\" class=\"attachment-thumbnail size-thumbnail\" alt=\"Anniversaire de V\u00e9ro MARC\" aria-describedby=\"gallery-1-1326\" \/><\/a>\n\t\t\t<\/div>\n\t\t\t\t<figcaption class='wp-caption-text gallery-caption' id='gallery-1-1326'>\n\t\t\t\tAnniversaire de V\u00e9ro MARC\n\t\t\t\t<\/figcaption><\/figure><figure class='gallery-item'>\n\t\t\t<div class='gallery-icon landscape'>\n\t\t\t\t<a href='https:\/\/dreamnev.org\/wp-content\/uploads\/2004\/05\/P5210273_Haute_Palla.jpg'><img loading=\"lazy\" decoding=\"async\" width=\"150\" height=\"150\" src=\"https:\/\/dreamnev.org\/wp-content\/uploads\/2004\/05\/P5210273_Haute_Palla-150x150.jpg\" class=\"attachment-thumbnail size-thumbnail\" alt=\"D\u00e8s le d\u00e9but de la Haute Pallaressa, \u00e7a envoie !\" aria-describedby=\"gallery-1-1316\" \/><\/a>\n\t\t\t<\/div>\n\t\t\t\t<figcaption class='wp-caption-text gallery-caption' id='gallery-1-1316'>\n\t\t\t\tD\u00e8s le d\u00e9but de la Haute Pallaressa, \u00e7a envoie !\n\t\t\t\t<\/figcaption><\/figure><figure class='gallery-item'>\n\t\t\t<div class='gallery-icon landscape'>\n\t\t\t\t<a href='https:\/\/dreamnev.org\/wp-content\/uploads\/2004\/05\/P5210275_Haute_Palla.jpg'><img loading=\"lazy\" decoding=\"async\" width=\"150\" height=\"150\" src=\"https:\/\/dreamnev.org\/wp-content\/uploads\/2004\/05\/P5210275_Haute_Palla-150x150.jpg\" class=\"attachment-thumbnail size-thumbnail\" alt=\"Haute Palla\" aria-describedby=\"gallery-1-1317\" \/><\/a>\n\t\t\t<\/div>\n\t\t\t\t<figcaption class='wp-caption-text gallery-caption' id='gallery-1-1317'>\n\t\t\t\tHaute Palla\n\t\t\t\t<\/figcaption><\/figure><figure class='gallery-item'>\n\t\t\t<div class='gallery-icon portrait'>\n\t\t\t\t<a href='https:\/\/dreamnev.org\/wp-content\/uploads\/2004\/05\/P5210281_Portage_sur_haute_Palla.jpg'><img loading=\"lazy\" decoding=\"async\" width=\"150\" height=\"150\" src=\"https:\/\/dreamnev.org\/wp-content\/uploads\/2004\/05\/P5210281_Portage_sur_haute_Palla-150x150.jpg\" class=\"attachment-thumbnail size-thumbnail\" alt=\"Portage sur la haute Palla\" aria-describedby=\"gallery-1-1318\" \/><\/a>\n\t\t\t<\/div>\n\t\t\t\t<figcaption class='wp-caption-text gallery-caption' id='gallery-1-1318'>\n\t\t\t\tPortage sur la haute Palla\n\t\t\t\t<\/figcaption><\/figure><figure class='gallery-item'>\n\t\t\t<div class='gallery-icon landscape'>\n\t\t\t\t<a href='https:\/\/dreamnev.org\/wp-content\/uploads\/2004\/05\/P5210285_Haute_Palla.jpg'><img loading=\"lazy\" decoding=\"async\" width=\"150\" height=\"150\" src=\"https:\/\/dreamnev.org\/wp-content\/uploads\/2004\/05\/P5210285_Haute_Palla-150x150.jpg\" class=\"attachment-thumbnail size-thumbnail\" alt=\"Haute Palla\" aria-describedby=\"gallery-1-1329\" \/><\/a>\n\t\t\t<\/div>\n\t\t\t\t<figcaption class='wp-caption-text gallery-caption' id='gallery-1-1329'>\n\t\t\t\tHaute Palla\n\t\t\t\t<\/figcaption><\/figure><figure class='gallery-item'>\n\t\t\t<div class='gallery-icon landscape'>\n\t\t\t\t<a href='https:\/\/dreamnev.org\/wp-content\/uploads\/2004\/05\/P5220326_depart_sur_la_Vallferrera.jpg'><img loading=\"lazy\" decoding=\"async\" width=\"150\" height=\"150\" src=\"https:\/\/dreamnev.org\/wp-content\/uploads\/2004\/05\/P5220326_depart_sur_la_Vallferrera-150x150.jpg\" class=\"attachment-thumbnail size-thumbnail\" alt=\"D\u00e9part sur la Vallferrera\" aria-describedby=\"gallery-1-1323\" \/><\/a>\n\t\t\t<\/div>\n\t\t\t\t<figcaption class='wp-caption-text gallery-caption' id='gallery-1-1323'>\n\t\t\t\tD\u00e9part sur la Vallferrera\n\t\t\t\t<\/figcaption><\/figure><figure class='gallery-item'>\n\t\t\t<div class='gallery-icon landscape'>\n\t\t\t\t<a href='https:\/\/dreamnev.org\/wp-content\/uploads\/2004\/05\/P5220331_Vallferrera.jpg'><img loading=\"lazy\" decoding=\"async\" width=\"150\" height=\"150\" src=\"https:\/\/dreamnev.org\/wp-content\/uploads\/2004\/05\/P5220331_Vallferrera-150x150.jpg\" class=\"attachment-thumbnail size-thumbnail\" alt=\"Petit seuil sur la Noguerra de Vallferrera\" aria-describedby=\"gallery-1-1320\" \/><\/a>\n\t\t\t<\/div>\n\t\t\t\t<figcaption class='wp-caption-text gallery-caption' id='gallery-1-1320'>\n\t\t\t\tPetit seuil sur la Noguerra de Vallferrera\n\t\t\t\t<\/figcaption><\/figure><figure class='gallery-item'>\n\t\t\t<div class='gallery-icon landscape'>\n\t\t\t\t<a href='https:\/\/dreamnev.org\/wp-content\/uploads\/2004\/05\/P5220347_Vallferrera.jpg'><img loading=\"lazy\" decoding=\"async\" width=\"150\" height=\"150\" src=\"https:\/\/dreamnev.org\/wp-content\/uploads\/2004\/05\/P5220347_Vallferrera-150x150.jpg\" class=\"attachment-thumbnail size-thumbnail\" alt=\"Marches sur la Vallferrera\" aria-describedby=\"gallery-1-1324\" \/><\/a>\n\t\t\t<\/div>\n\t\t\t\t<figcaption class='wp-caption-text gallery-caption' id='gallery-1-1324'>\n\t\t\t\tMarches sur la Vallferrera\n\t\t\t\t<\/figcaption><\/figure><figure class='gallery-item'>\n\t\t\t<div class='gallery-icon landscape'>\n\t\t\t\t<a href='https:\/\/dreamnev.org\/wp-content\/uploads\/2004\/05\/P5220377_Mere_Saucisse_sort_ses_specialites.jpg'><img loading=\"lazy\" decoding=\"async\" width=\"150\" height=\"150\" src=\"https:\/\/dreamnev.org\/wp-content\/uploads\/2004\/05\/P5220377_Mere_Saucisse_sort_ses_specialites-150x150.jpg\" class=\"attachment-thumbnail size-thumbnail\" alt=\"M\u00e8re Sauccise (Myriam) sort ses sp\u00e9cialit\u00e9s : boudins, p\u00e2t\u00e9s, ... Hummm !!\" aria-describedby=\"gallery-1-1327\" \/><\/a>\n\t\t\t<\/div>\n\t\t\t\t<figcaption class='wp-caption-text gallery-caption' id='gallery-1-1327'>\n\t\t\t\tM\u00e8re Sauccise (Myriam) sort ses sp\u00e9cialit\u00e9s : boudins, p\u00e2t\u00e9s, &#8230; Hummm !!\n\t\t\t\t<\/figcaption><\/figure>\n\t\t<\/div>\n\n","protected":false},"excerpt":{"rendered":"<p>Du jeudi 20 au dimanche 23 mai 2004, pr\u00e8s d&rsquo;une trentaine de nageurs venus de toute la France se sont retrouv\u00e9s pour le week-end de l&rsquo;Ascension pour le rassemblement d&rsquo;hydrospeed en Espagne.<\/p>\n","protected":false},"author":1,"featured_media":1314,"comment_status":"closed","ping_status":"open","sticky":false,"template":"","format":"standard","meta":{"footnotes":""},"categories":[8],"tags":[158,153],"class_list":["post-1328","post","type-post","status-publish","format-standard","has-post-thumbnail","hentry","category-temoignages-et-reportages","tag-images_une","tag-rassemblements"],"_links":{"self":[{"href":"https:\/\/dreamnev.org\/index.php\/wp-json\/wp\/v2\/posts\/1328","targetHints":{"allow":["GET"]}}],"collection":[{"href":"https:\/\/dreamnev.org\/index.php\/wp-json\/wp\/v2\/posts"}],"about":[{"href":"https:\/\/dreamnev.org\/index.php\/wp-json\/wp\/v2\/types\/post"}],"author":[{"embeddable":true,"href":"https:\/\/dreamnev.org\/index.php\/wp-json\/wp\/v2\/users\/1"}],"replies":[{"embeddable":true,"href":"https:\/\/dreamnev.org\/index.php\/wp-json\/wp\/v2\/comments?post=1328"}],"version-history":[{"count":1,"href":"https:\/\/dreamnev.org\/index.php\/wp-json\/wp\/v2\/posts\/1328\/revisions"}],"predecessor-version":[{"id":1330,"href":"https:\/\/dreamnev.org\/index.php\/wp-json\/wp\/v2\/posts\/1328\/revisions\/1330"}],"wp:featuredmedia":[{"embeddable":true,"href":"https:\/\/dreamnev.org\/index.php\/wp-json\/wp\/v2\/media\/1314"}],"wp:attachment":[{"href":"https:\/\/dreamnev.org\/index.php\/wp-json\/wp\/v2\/media?parent=1328"}],"wp:term":[{"taxonomy":"category","embeddable":true,"href":"https:\/\/dreamnev.org\/index.php\/wp-json\/wp\/v2\/categories?post=1328"},{"taxonomy":"post_tag","embeddable":true,"href":"https:\/\/dreamnev.org\/index.php\/wp-json\/wp\/v2\/tags?post=1328"}],"curies":[{"name":"wp","href":"https:\/\/api.w.org\/{rel}","templated":true}]}}