{"id":1281,"date":"2003-12-07T15:34:27","date_gmt":"2003-12-07T14:34:27","guid":{"rendered":"http:\/\/dreamnev.eu\/index.php\/2003\/12\/07\/nepal-2003-retour-a-la\/"},"modified":"2023-07-23T19:16:11","modified_gmt":"2023-07-23T17:16:11","slug":"nepal-2003-retour-a-la","status":"publish","type":"post","link":"https:\/\/dreamnev.org\/index.php\/2003\/12\/07\/nepal-2003-retour-a-la\/","title":{"rendered":"N\u00e9pal 2003 &#8211; Retour \u00e0 la civilisation"},"content":{"rendered":"<p class=\"post_excerpt\">Samedi 6 d\u00e9cembre 2003, retour \u00e0 la civilisation pour le gang des nageurs du monde.<\/p>\n<p><!--more--><\/p>\n<h2>Samedi 6 d\u00e9cembre 2003<\/h2>\n<p>La phrase du jour : <strong>Good return in your home<\/strong><br \/>\n<br \/>(Dans l&rsquo;anglais de Niko, il semblerait que \u00e7a veuille dire \u00ab\u00a0bon retour chez vous\u00a0\u00bb)<\/p>\n<p><strong>Lever<\/strong> \u00e9chelonn\u00e9 selon l&rsquo;\u00e9tat de fatigue de chacun. Petite balade de Marc et Le Poulpe qui visitent le quartier des minist\u00e8res.<br \/>\n<figure id=\"attachment_1275\" aria-describedby=\"caption-attachment-1275\" style=\"width: 600px\" class=\"wp-caption aligncenter\"><img loading=\"lazy\" decoding=\"async\" class=\" aligncenter size-full wp-image-1275\" src=\"http:\/\/dreamnev.eu\/wp-content\/uploads\/2003\/12\/PC069354-1.jpg\" alt=\"Minist\u00e8re de l'\u00e9ducation et des sports\" title=\"Minist\u00e8re de l'\u00e9ducation et des sports\" class=\"caption\" data-description=\"Photo Marc Ettinger\" align=\"center\" width=\"600\" height=\"800\" srcset=\"https:\/\/dreamnev.org\/wp-content\/uploads\/2003\/12\/PC069354-1.jpg 600w, https:\/\/dreamnev.org\/wp-content\/uploads\/2003\/12\/PC069354-1-225x300.jpg 225w\" sizes=\"auto, (max-width: 600px) 100vw, 600px\" \/><figcaption id=\"caption-attachment-1275\" class=\"wp-caption-text\">Minist\u00e8re de l&rsquo;\u00e9ducation et des sports<\/figcaption><\/figure><br \/>\nJuju, qui s&rsquo;est rechop\u00e9 une cr\u00e8ve, d\u00e9cide de rester \u00e0 l&rsquo;h\u00f4tel ou dans ses alentours. Marc, Niko, L\u00e9l\u00e8ne et Le Poulpe prennent un taxi pour aller visiter Patan, un des plus vieux quartiers de Kathmandu.<br \/>\n<figure id=\"attachment_1276\" aria-describedby=\"caption-attachment-1276\" style=\"width: 800px\" class=\"wp-caption aligncenter\"><img loading=\"lazy\" decoding=\"async\" class=\" aligncenter size-full wp-image-1276\" src=\"http:\/\/dreamnev.eu\/wp-content\/uploads\/2003\/12\/PC069369-1.jpg\" alt=\"Patan\" title=\"Patan\" class=\"caption\" data-description=\"Photo Marc Ettinger\" align=\"center\" width=\"800\" height=\"600\" srcset=\"https:\/\/dreamnev.org\/wp-content\/uploads\/2003\/12\/PC069369-1.jpg 800w, https:\/\/dreamnev.org\/wp-content\/uploads\/2003\/12\/PC069369-1-300x225.jpg 300w, https:\/\/dreamnev.org\/wp-content\/uploads\/2003\/12\/PC069369-1-768x576.jpg 768w\" sizes=\"auto, (max-width: 800px) 100vw, 800px\" \/><figcaption id=\"caption-attachment-1276\" class=\"wp-caption-text\">Patan<\/figcaption><\/figure><br \/>\nLe chauffeur du taxi est tr\u00e8s en forme, il met la musique \u00e0 fond, klaxonne en continu et file \u00e0 toute berzingue dans les rues de Katmandu.<\/p>\n<p>A <strong>11h<\/strong>, tout le monde se retrouve pour d\u00e9guster une derni\u00e8re fois quelques sp\u00e9cialit\u00e9s culinaires N\u00e9palaises dont les fameux momos.<\/p>\n<p><strong>14h00<\/strong> L&rsquo;heure du d\u00e9part a sonn\u00e9. A l&rsquo;a\u00e9roport, Juju et Le Poulpe tentent une derni\u00e8re exp\u00e9dition dans les bureaux de Gulf Air pour voir si le bagage de Juju n&rsquo;est pas arriv\u00e9 entre temps (depuis 2 semaines, il serait temps&#8230;). Peine perdue, pas de nouvelle du sac.<\/p>\n<p>A l&rsquo;enregistrement, la discussion recommence sur l&rsquo;exc\u00e8s de poids des bagages. Comme \u00e0 Paris, on nous demande de payer un suppl\u00e9ment. Comme \u00e0 Paris, nous refusons. Un petit rappel sur la perte du bagage de Julien permet de conclure rapidement la discussion \u00e0 notre avantage. L\u00e0 encore, comme \u00e0 Paris, l&#8217;employ\u00e9 de guichet r\u00e9clame un bakchich que nous refusons.<\/p>\n<p>Aucun \u00e9v\u00e8nement particulier au cours des 15 heures d&rsquo;avion et d&rsquo;attente qui suivent, si ce n&rsquo;est que Niko persiste \u00e0 faire rougir les h\u00f4tesses.<br \/>\n<figure id=\"attachment_1277\" aria-describedby=\"caption-attachment-1277\" style=\"width: 800px\" class=\"wp-caption aligncenter\"><img loading=\"lazy\" decoding=\"async\" class=\" aligncenter size-full wp-image-1277\" src=\"http:\/\/dreamnev.eu\/wp-content\/uploads\/2003\/12\/PC069423-1.jpg\" alt=\"Niko en train de faire rougir les h\u00f4tesses de Gulf Air\" title=\"Niko en train de faire rougir les h\u00f4tesses de Gulf Air\" class=\"caption\" data-description=\"Photo Marc Ettinger\" align=\"center\" width=\"800\" height=\"600\" srcset=\"https:\/\/dreamnev.org\/wp-content\/uploads\/2003\/12\/PC069423-1.jpg 800w, https:\/\/dreamnev.org\/wp-content\/uploads\/2003\/12\/PC069423-1-300x225.jpg 300w, https:\/\/dreamnev.org\/wp-content\/uploads\/2003\/12\/PC069423-1-768x576.jpg 768w\" sizes=\"auto, (max-width: 800px) 100vw, 800px\" \/><figcaption id=\"caption-attachment-1277\" class=\"wp-caption-text\">Niko en train de faire rougir les h\u00f4tesses de Gulf Air<\/figcaption><\/figure><\/p>\n<h2>Dimanche 7 d\u00e9cembre 2003<\/h2>\n<p><strong>7h00<\/strong> du matin (heure fran\u00e7aise) : Arriv\u00e9e \u00e0 Roissy. L&rsquo;\u00e9quipe attend avec anxi\u00e9t\u00e9 l&rsquo;arriv\u00e9e des bagages. En voil\u00e0 un\u2026 puis un autre\u2026 puis un autre\u2026 il n&rsquo;y en a plus qu&rsquo;un \u00e0 Lionel&#8230; Ouf, il arrive !<br \/>\n<figure id=\"attachment_1278\" aria-describedby=\"caption-attachment-1278\" style=\"width: 800px\" class=\"wp-caption aligncenter\"><img loading=\"lazy\" decoding=\"async\" class=\" aligncenter size-full wp-image-1278\" src=\"http:\/\/dreamnev.eu\/wp-content\/uploads\/2003\/12\/PC079433-1.jpg\" alt=\"Tous les bagages sont l\u00e0\u2026enfin presque, il manque toujours celui de Juju (Remarquez les T-shirts !)\" title=\"Tous les bagages sont l\u00e0\u2026enfin presque, il manque toujours celui de Juju (Remarquez les T-shirts !)\" class=\"caption\" data-description=\"Photo Marc Ettinger\" align=\"center\" width=\"800\" height=\"600\" srcset=\"https:\/\/dreamnev.org\/wp-content\/uploads\/2003\/12\/PC079433-1.jpg 800w, https:\/\/dreamnev.org\/wp-content\/uploads\/2003\/12\/PC079433-1-300x225.jpg 300w, https:\/\/dreamnev.org\/wp-content\/uploads\/2003\/12\/PC079433-1-768x576.jpg 768w\" sizes=\"auto, (max-width: 800px) 100vw, 800px\" \/><figcaption id=\"caption-attachment-1278\" class=\"wp-caption-text\">Tous les bagages sont l\u00e0\u2026enfin presque, il manque toujours celui de Juju (Remarquez les T-shirts !)<\/figcaption><\/figure><br \/>\nA la sortie, on est re\u00e7u par un petit comit\u00e9 d&rsquo;accueil compos\u00e9 de Raph, V\u00e9ro45 et Jean-Didier. Embrassades, rires, etc\u2026 que cela fait plaisir de retrouver des t\u00eates connues et appr\u00e9ci\u00e9es.<br \/>\n<figure id=\"attachment_1279\" aria-describedby=\"caption-attachment-1279\" style=\"width: 800px\" class=\"wp-caption aligncenter\"><img loading=\"lazy\" decoding=\"async\" class=\" aligncenter size-full wp-image-1279\" src=\"http:\/\/dreamnev.eu\/wp-content\/uploads\/2003\/12\/PC079438-1.jpg\" alt=\"Raph, V\u00e9ro et Jean-Did ont l'air fatigu\u00e9\u2026 pas nous !\" title=\"Raph, V\u00e9ro et Jean-Did ont l'air fatigu\u00e9\u2026 pas nous !\" class=\"caption\" data-description=\"Photo Marc Ettinger\" align=\"center\" width=\"800\" height=\"600\" srcset=\"https:\/\/dreamnev.org\/wp-content\/uploads\/2003\/12\/PC079438-1.jpg 800w, https:\/\/dreamnev.org\/wp-content\/uploads\/2003\/12\/PC079438-1-300x225.jpg 300w, https:\/\/dreamnev.org\/wp-content\/uploads\/2003\/12\/PC079438-1-768x576.jpg 768w\" sizes=\"auto, (max-width: 800px) 100vw, 800px\" \/><figcaption id=\"caption-attachment-1279\" class=\"wp-caption-text\">Raph, V\u00e9ro et Jean-Did ont l&rsquo;air fatigu\u00e9\u2026 pas nous !<\/figcaption><\/figure><br \/>\nRapide compte rendu du s\u00e9jour, remise de son \u00e9cusson d&rsquo;Instructeur International d&rsquo;Hydrospeed \u00e0 Raph.<br \/>\n<figure id=\"attachment_1280\" aria-describedby=\"caption-attachment-1280\" style=\"width: 800px\" class=\"wp-caption aligncenter\"><img loading=\"lazy\" decoding=\"async\" class=\" aligncenter size-full wp-image-1280\" src=\"http:\/\/dreamnev.eu\/wp-content\/uploads\/2003\/12\/PC079437-1.jpg\" alt=\"Raph re\u00e7oit son badge d'instructeur international\" title=\"Raph re\u00e7oit son badge d'instructeur international\" class=\"caption\" data-description=\"Photo Marc Ettinger\" align=\"center\" width=\"800\" height=\"600\" srcset=\"https:\/\/dreamnev.org\/wp-content\/uploads\/2003\/12\/PC079437-1.jpg 800w, https:\/\/dreamnev.org\/wp-content\/uploads\/2003\/12\/PC079437-1-300x225.jpg 300w, https:\/\/dreamnev.org\/wp-content\/uploads\/2003\/12\/PC079437-1-768x576.jpg 768w\" sizes=\"auto, (max-width: 800px) 100vw, 800px\" \/><figcaption id=\"caption-attachment-1280\" class=\"wp-caption-text\">Raph re\u00e7oit son badge d&rsquo;instructeur international<\/figcaption><\/figure><\/p>\n<p>Puis rapidement, le groupe se disperse : Niko et Lio vont prendre leur avion pour Gen\u00e8ve, V\u00e9ro et Jean-Did ram\u00e8nent Juju \u00e0 Orl\u00e9ans, Raph am\u00e8ne Marc et le Poulpe \u00e0 Paris.<\/p>\n<p>Merci \u00e0 toute l&rsquo;\u00e9quipe pour sa participation \u00e0 l&rsquo;\u00e9laboration des reportages et choix des photos.<br \/>\nMerci \u00e0 Raph et Daniel qui vous ont mis, d\u00e8s que possible, les reportages en ligne.<br \/>\nMerci a vous tous pour vos t\u00e9moignages de sympathie (ou d&rsquo;envie) que nous avons re\u00e7u pendant notre p\u00e9riple.<\/p>\n<p>Quelques probl\u00e8mes techniques sur place (connexion, disquettes \u2026.), quelques kilos en plus \u00e0 trimballer, mais je crois que l&rsquo;exp\u00e9rience valait le coup.<\/p>\n<p>Le gang des nageurs du monde.<br \/>\nMarc, Niko, Lio, Juju et Le Poulpe<br \/>\n<div id='gallery-1' class='gallery galleryid-1281 gallery-columns-3 gallery-size-thumbnail'><figure class='gallery-item'>\n\t\t\t<div class='gallery-icon portrait'>\n\t\t\t\t<a href='https:\/\/dreamnev.org\/wp-content\/uploads\/2003\/12\/PC069354-1.jpg'><img loading=\"lazy\" decoding=\"async\" width=\"150\" height=\"150\" src=\"https:\/\/dreamnev.org\/wp-content\/uploads\/2003\/12\/PC069354-1-150x150.jpg\" class=\"attachment-thumbnail size-thumbnail\" alt=\"Minist\u00e8re de l&#039;\u00e9ducation et des sports\" aria-describedby=\"gallery-1-1275\" \/><\/a>\n\t\t\t<\/div>\n\t\t\t\t<figcaption class='wp-caption-text gallery-caption' id='gallery-1-1275'>\n\t\t\t\tMinist\u00e8re de l&rsquo;\u00e9ducation et des sports\n\t\t\t\t<\/figcaption><\/figure><figure class='gallery-item'>\n\t\t\t<div class='gallery-icon landscape'>\n\t\t\t\t<a href='https:\/\/dreamnev.org\/wp-content\/uploads\/2003\/12\/PC069369-1.jpg'><img loading=\"lazy\" decoding=\"async\" width=\"150\" height=\"150\" src=\"https:\/\/dreamnev.org\/wp-content\/uploads\/2003\/12\/PC069369-1-150x150.jpg\" class=\"attachment-thumbnail size-thumbnail\" alt=\"Patan\" aria-describedby=\"gallery-1-1276\" \/><\/a>\n\t\t\t<\/div>\n\t\t\t\t<figcaption class='wp-caption-text gallery-caption' id='gallery-1-1276'>\n\t\t\t\tPatan\n\t\t\t\t<\/figcaption><\/figure><figure class='gallery-item'>\n\t\t\t<div class='gallery-icon landscape'>\n\t\t\t\t<a href='https:\/\/dreamnev.org\/wp-content\/uploads\/2003\/12\/PC069423-1.jpg'><img loading=\"lazy\" decoding=\"async\" width=\"150\" height=\"150\" src=\"https:\/\/dreamnev.org\/wp-content\/uploads\/2003\/12\/PC069423-1-150x150.jpg\" class=\"attachment-thumbnail size-thumbnail\" alt=\"Niko en train de faire rougir les h\u00f4tesses de Gulf Air\" aria-describedby=\"gallery-1-1277\" \/><\/a>\n\t\t\t<\/div>\n\t\t\t\t<figcaption class='wp-caption-text gallery-caption' id='gallery-1-1277'>\n\t\t\t\tNiko en train de faire rougir les h\u00f4tesses de Gulf Air\n\t\t\t\t<\/figcaption><\/figure><figure class='gallery-item'>\n\t\t\t<div class='gallery-icon landscape'>\n\t\t\t\t<a href='https:\/\/dreamnev.org\/wp-content\/uploads\/2003\/12\/PC079433-1.jpg'><img loading=\"lazy\" decoding=\"async\" width=\"150\" height=\"150\" src=\"https:\/\/dreamnev.org\/wp-content\/uploads\/2003\/12\/PC079433-1-150x150.jpg\" class=\"attachment-thumbnail size-thumbnail\" alt=\"Tous les bagages sont l\u00e0\u2026enfin presque, il manque toujours celui de Juju (Remarquez les T-shirts !)\" aria-describedby=\"gallery-1-1278\" \/><\/a>\n\t\t\t<\/div>\n\t\t\t\t<figcaption class='wp-caption-text gallery-caption' id='gallery-1-1278'>\n\t\t\t\tTous les bagages sont l\u00e0\u2026enfin presque, il manque toujours celui de Juju (Remarquez les T-shirts !)\n\t\t\t\t<\/figcaption><\/figure><figure class='gallery-item'>\n\t\t\t<div class='gallery-icon landscape'>\n\t\t\t\t<a href='https:\/\/dreamnev.org\/wp-content\/uploads\/2003\/12\/PC079437-1.jpg'><img loading=\"lazy\" decoding=\"async\" width=\"150\" height=\"150\" src=\"https:\/\/dreamnev.org\/wp-content\/uploads\/2003\/12\/PC079437-1-150x150.jpg\" class=\"attachment-thumbnail size-thumbnail\" alt=\"Raph re\u00e7oit son badge d&#039;instructeur international\" aria-describedby=\"gallery-1-1280\" \/><\/a>\n\t\t\t<\/div>\n\t\t\t\t<figcaption class='wp-caption-text gallery-caption' id='gallery-1-1280'>\n\t\t\t\tRaph re\u00e7oit son badge d&rsquo;instructeur international\n\t\t\t\t<\/figcaption><\/figure><figure class='gallery-item'>\n\t\t\t<div class='gallery-icon landscape'>\n\t\t\t\t<a href='https:\/\/dreamnev.org\/wp-content\/uploads\/2003\/12\/PC079438-1.jpg'><img loading=\"lazy\" decoding=\"async\" width=\"150\" height=\"150\" src=\"https:\/\/dreamnev.org\/wp-content\/uploads\/2003\/12\/PC079438-1-150x150.jpg\" class=\"attachment-thumbnail size-thumbnail\" alt=\"Raph, V\u00e9ro et Jean-Did ont l&#039;air fatigu\u00e9\u2026 pas nous !\" aria-describedby=\"gallery-1-1279\" \/><\/a>\n\t\t\t<\/div>\n\t\t\t\t<figcaption class='wp-caption-text gallery-caption' id='gallery-1-1279'>\n\t\t\t\tRaph, V\u00e9ro et Jean-Did ont l&rsquo;air fatigu\u00e9\u2026 pas nous !\n\t\t\t\t<\/figcaption><\/figure>\n\t\t<\/div>\n<\/p>\n","protected":false},"excerpt":{"rendered":"<p>Samedi 6 d\u00e9cembre 2003, retour \u00e0 la civilisation pour le gang des nageurs du monde.<\/p>\n","protected":false},"author":1,"featured_media":1275,"comment_status":"closed","ping_status":"open","sticky":false,"template":"","format":"standard","meta":{"footnotes":""},"categories":[127],"tags":[],"class_list":["post-1281","post","type-post","status-publish","format-standard","has-post-thumbnail","hentry","category-nepal-2003-expedition-dhydrospeed"],"_links":{"self":[{"href":"https:\/\/dreamnev.org\/index.php\/wp-json\/wp\/v2\/posts\/1281","targetHints":{"allow":["GET"]}}],"collection":[{"href":"https:\/\/dreamnev.org\/index.php\/wp-json\/wp\/v2\/posts"}],"about":[{"href":"https:\/\/dreamnev.org\/index.php\/wp-json\/wp\/v2\/types\/post"}],"author":[{"embeddable":true,"href":"https:\/\/dreamnev.org\/index.php\/wp-json\/wp\/v2\/users\/1"}],"replies":[{"embeddable":true,"href":"https:\/\/dreamnev.org\/index.php\/wp-json\/wp\/v2\/comments?post=1281"}],"version-history":[{"count":1,"href":"https:\/\/dreamnev.org\/index.php\/wp-json\/wp\/v2\/posts\/1281\/revisions"}],"predecessor-version":[{"id":1282,"href":"https:\/\/dreamnev.org\/index.php\/wp-json\/wp\/v2\/posts\/1281\/revisions\/1282"}],"wp:featuredmedia":[{"embeddable":true,"href":"https:\/\/dreamnev.org\/index.php\/wp-json\/wp\/v2\/media\/1275"}],"wp:attachment":[{"href":"https:\/\/dreamnev.org\/index.php\/wp-json\/wp\/v2\/media?parent=1281"}],"wp:term":[{"taxonomy":"category","embeddable":true,"href":"https:\/\/dreamnev.org\/index.php\/wp-json\/wp\/v2\/categories?post=1281"},{"taxonomy":"post_tag","embeddable":true,"href":"https:\/\/dreamnev.org\/index.php\/wp-json\/wp\/v2\/tags?post=1281"}],"curies":[{"name":"wp","href":"https:\/\/api.w.org\/{rel}","templated":true}]}}