{"id":1126,"date":"2003-09-02T22:13:15","date_gmt":"2003-09-02T20:13:15","guid":{"rendered":"http:\/\/dreamnev.eu\/index.php\/2003\/09\/02\/france-cure-4-et-5-octobre-2003308\/"},"modified":"2023-07-23T19:15:39","modified_gmt":"2023-07-23T17:15:39","slug":"france-cure-4-et-5-octobre-2003308","status":"publish","type":"post","link":"https:\/\/dreamnev.org\/index.php\/2003\/09\/02\/france-cure-4-et-5-octobre-2003308\/","title":{"rendered":"France &#8211; Cure 4 et 5 Octobre 2003"},"content":{"rendered":"\n\n<p class=\"post_excerpt\"><center>Comp\u00e9tition de descente de Nage en Eau Vive sur la Cure (Morvan)<br>les 4 et 5 octobre 2003<\/center><\/p>\n\n\n<!--more-->\n<img loading=\"lazy\" decoding=\"async\" class=\" aligncenter size-full wp-image-1122\" src=\"http:\/\/dreamnev.eu\/wp-content\/uploads\/2003\/09\/image002.jpg\" alt=\"image002.jpg\" align=\"center\" width=\"672\" height=\"150\" \/>\n\n<h2>REGLEMENT<\/h2>\nApplication du r\u00e8glement national comp\u00e9tition\n\n<h2>PARCOURS<\/h2>\n\nTorrent 12 KM de classe III passage IV du pont de Nataloup au pont du Montal.\n\n<h2>Samedi 4 octobre 2003<\/h2>\n\n\n\n\n<table>\n<tbody>\n<tr class='row_even'>\n<td>10h 18h<\/td>\n<td>Reconnaissance libre du parcours<\/td><\/tr>\n<tr class='row_odd'>\n<td>14h 16h<\/td>\n<td>Salle des f\u00eates de Dun les places<br>&#8211; Accueil des comp\u00e9titeurs<br>&#8211; Confirmation des inscriptions (licences FFESSM ou FFCK et certificat m\u00e9dical)<br>&#8211; Remise des dossards<\/td><\/tr>\n<\/tbody>\n<\/table>\n\n\n\n\n<h2>Dimanche 5 octobre 2003<\/h2>\n\n\n\n\n<table>\n<tbody>\n<tr class='row_even'>\n<td>10H30<\/td>\n<td><figure id=\"attachment_938\" aria-describedby=\"caption-attachment-938\" style=\"width: 77px\" class=\"wp-caption aligncenter\"><img loading=\"lazy\" decoding=\"async\" class=\" aligncenter size-full wp-image-938\" src=\"http:\/\/dreamnev.eu\/wp-content\/uploads\/2003\/05\/doc-632.gif\" alt=\"image006\" title=\"image006\" class=\"caption\" align=\"center\" width=\"77\" height=\"75\" \/><figcaption id=\"caption-attachment-938\" class=\"wp-caption-text\">image006<\/figcaption><\/figure><\/td>\n<td>D\u00e9part cat\u00e9gories \u00ab\u00a0Cadet &#8211; Junior &#8211; Senior &#8211; V\u00e9t\u00e9ran\u00a0\u00bb<\/td><\/tr>\n<tr class='row_odd'>\n<td>14H30<\/td>\n<td><figure id=\"attachment_1123\" aria-describedby=\"caption-attachment-1123\" style=\"width: 71px\" class=\"wp-caption aligncenter\"><img loading=\"lazy\" decoding=\"async\" class=\" aligncenter size-full wp-image-1123\" src=\"http:\/\/dreamnev.eu\/wp-content\/uploads\/2003\/09\/doc-633.gif\" alt=\"image008\" title=\"image008\" class=\"caption\" align=\"center\" width=\"71\" height=\"83\" \/><figcaption id=\"caption-attachment-1123\" class=\"wp-caption-text\">image008<\/figcaption><\/figure><\/td>\n<td>Proclamation des r\u00e9sultats, salle des f\u00eates de Dun les places<\/td><\/tr>\n<tr class='row_even'>\n<td>15H30<\/td>\n<td><figure id=\"attachment_1124\" aria-describedby=\"caption-attachment-1124\" style=\"width: 56px\" class=\"wp-caption aligncenter\"><img loading=\"lazy\" decoding=\"async\" class=\" aligncenter size-full wp-image-1124\" src=\"http:\/\/dreamnev.eu\/wp-content\/uploads\/2003\/09\/doc-634.gif\" alt=\"image010\" title=\"image010\" class=\"caption\" align=\"center\" width=\"56\" height=\"73\" \/><figcaption id=\"caption-attachment-1124\" class=\"wp-caption-text\">image010<\/figcaption><\/figure><\/td>\n<td>Pot de l&rsquo;amiti\u00e9<\/td><\/tr>\n<\/tbody>\n<\/table>\n\n\n\n\n<h2>INSCRIPTION<\/h2>\n\nT\u00e9l\u00e9chargez la fiche d&rsquo;inscription :\n\n<a href=\"http:\/\/dreamnev.eu\/wp-content\/uploads\/2003\/09\/cure2003.pdf\" data-description=\"N\u00e9cessite Acrobat Reader\">Inscription Cure 2003<\/a>\n\nPour plus de renseignements, contactez :\n\n<blockquote>\nBrigitte COQUELIN<br>\n95, chemin de la Briqueterie<br>\n60240 FLEURY<br>\n03 44 49 69 24\n<\/blockquote>\n\n<h2>Inscriptions<\/h2>\n\n\n\n\n<table>\n<tbody>\n<tr class='row_even'>\n<td>G\u00eete de Chaumecon<\/td>\n<td>03 86 84 51 98<\/td><\/tr>\n<tr class='row_odd'>\n<td>G\u00eete du Breuil<\/td>\n<td>03 86 32 25 55<\/td><\/tr>\n<tr class='row_even'>\n<td>G\u00eete des Roches<\/td>\n<td>03 86 22 84 94<\/td><\/tr>\n<tr class='row_odd'>\n<td>G\u00eete de St Brisson<\/td>\n<td>03 86 78 72 16<\/td><\/tr>\n<tr class='row_even'>\n<td>G\u00eete chez Mme Leveque<br>Marigny l&rsquo;Eglise<\/td>\n<td>03 86 22 69 78<\/td><\/tr>\n<tr class='row_odd'>\n<td>Le C\u0153ur du Silence<br><\/td>\n<td>03 86 22 69 39<\/td><\/tr>\n<tr class='row_even'>\n<td>La Vielle Diligence<br><\/td>\n<td>03 86 84 55 22<\/td><\/tr>\n<tr class='row_odd'>\n<td>Le Moulin du Plateau<br>Dun les Places<\/td>\n<td>03 86 84 60 80<\/td><\/tr>\n<tr class='row_even'>\n<td>L&rsquo;auberge Ensoleill\u00e9e<br>Dun les Places<\/td>\n<td>03 86 84 62 76<br>Fax : 03.86.84.64.57<\/td><\/tr>\n<tr class='row_odd'>\n<td>La Chaume aux Renards<br>Marigny l&rsquo;Eglise<\/td>\n<td>03 86 32 20 71<\/td><\/tr>\n<tr class='row_even'>\n<td>La Maison du Parc du Morvan<\/td>\n<td>03 86 78 74 22<\/td><\/tr>\n<tr class='row_odd'>\n<td>R\u00e9pondeur ALLO CURE<\/td>\n<td>03 86 78 74 99<\/td><\/tr>\n<\/tbody>\n<\/table>\n\n\n\n\n<strong>ACCES<\/strong>\n\nCarte Michelin no 65\n<br \/>Autoroute A6 ou RN6 jusqu&rsquo;\u00e0 AVALON \n<br \/>Cussy les Forges, Quarr\u00e9 les Tombes, Dun les places, Montsauche Les Settons, Pont de Nataloup.\n\n<div id='gallery-1' class='gallery galleryid-1126 gallery-columns-3 gallery-size-thumbnail'><figure class='gallery-item'>\n\t\t\t<div class='gallery-icon landscape'>\n\t\t\t\t<a href='https:\/\/dreamnev.org\/wp-content\/uploads\/2003\/05\/doc-632.gif'><img loading=\"lazy\" decoding=\"async\" width=\"77\" height=\"75\" src=\"https:\/\/dreamnev.org\/wp-content\/uploads\/2003\/05\/doc-632.gif\" class=\"attachment-thumbnail size-thumbnail\" alt=\"image006\" aria-describedby=\"gallery-1-938\" \/><\/a>\n\t\t\t<\/div>\n\t\t\t\t<figcaption class='wp-caption-text gallery-caption' id='gallery-1-938'>\n\t\t\t\timage006\n\t\t\t\t<\/figcaption><\/figure><figure class='gallery-item'>\n\t\t\t<div class='gallery-icon portrait'>\n\t\t\t\t<a href='https:\/\/dreamnev.org\/wp-content\/uploads\/2023\/07\/doc-633.gif'><img loading=\"lazy\" decoding=\"async\" width=\"71\" height=\"83\" src=\"https:\/\/dreamnev.org\/wp-content\/uploads\/2023\/07\/doc-633.gif\" class=\"attachment-thumbnail size-thumbnail\" alt=\"image008\" aria-describedby=\"gallery-1-1127\" \/><\/a>\n\t\t\t<\/div>\n\t\t\t\t<figcaption class='wp-caption-text gallery-caption' id='gallery-1-1127'>\n\t\t\t\timage008\n\t\t\t\t<\/figcaption><\/figure><figure class='gallery-item'>\n\t\t\t<div class='gallery-icon portrait'>\n\t\t\t\t<a href='https:\/\/dreamnev.org\/wp-content\/uploads\/2023\/07\/doc-634.gif'><img loading=\"lazy\" decoding=\"async\" width=\"56\" height=\"73\" src=\"https:\/\/dreamnev.org\/wp-content\/uploads\/2023\/07\/doc-634.gif\" class=\"attachment-thumbnail size-thumbnail\" alt=\"image010\" aria-describedby=\"gallery-1-1128\" \/><\/a>\n\t\t\t<\/div>\n\t\t\t\t<figcaption class='wp-caption-text gallery-caption' id='gallery-1-1128'>\n\t\t\t\timage010\n\t\t\t\t<\/figcaption><\/figure><figure class='gallery-item'>\n\t\t\t<div class='gallery-icon landscape'>\n\t\t\t\t<a href='https:\/\/dreamnev.org\/wp-content\/uploads\/2003\/09\/image002.jpg'><img loading=\"lazy\" decoding=\"async\" width=\"150\" height=\"150\" src=\"https:\/\/dreamnev.org\/wp-content\/uploads\/2003\/09\/image002-150x150.jpg\" class=\"attachment-thumbnail size-thumbnail\" alt=\"image002.jpg\" \/><\/a>\n\t\t\t<\/div><\/figure>\n\t\t<\/div>\n\n<h2 class=\"wp-block-heading\">Documents joints<\/h2>\n\n\n\n<div class=\"wp-block-file\"><a href=\"http:\/\/dreamnev.eu\/wp-content\/uploads\/2003\/09\/cure2003.pdf\">Inscription Cure 2003<\/a><\/div>\n\n\n","protected":false},"excerpt":{"rendered":"<p>Comp\u00e9tition de descente de Nage en Eau Vive sur la Cure (Morvan)les 4 et 5 octobre 2003<\/p>\n","protected":false},"author":1,"featured_media":1122,"comment_status":"closed","ping_status":"open","sticky":false,"template":"","format":"standard","meta":{"footnotes":""},"categories":[111],"tags":[149,156],"class_list":["post-1126","post","type-post","status-publish","format-standard","has-post-thumbnail","hentry","category-calendrier-2003","tag-competition","tag-descente"],"_links":{"self":[{"href":"https:\/\/dreamnev.org\/index.php\/wp-json\/wp\/v2\/posts\/1126","targetHints":{"allow":["GET"]}}],"collection":[{"href":"https:\/\/dreamnev.org\/index.php\/wp-json\/wp\/v2\/posts"}],"about":[{"href":"https:\/\/dreamnev.org\/index.php\/wp-json\/wp\/v2\/types\/post"}],"author":[{"embeddable":true,"href":"https:\/\/dreamnev.org\/index.php\/wp-json\/wp\/v2\/users\/1"}],"replies":[{"embeddable":true,"href":"https:\/\/dreamnev.org\/index.php\/wp-json\/wp\/v2\/comments?post=1126"}],"version-history":[{"count":2,"href":"https:\/\/dreamnev.org\/index.php\/wp-json\/wp\/v2\/posts\/1126\/revisions"}],"predecessor-version":[{"id":1131,"href":"https:\/\/dreamnev.org\/index.php\/wp-json\/wp\/v2\/posts\/1126\/revisions\/1131"}],"wp:featuredmedia":[{"embeddable":true,"href":"https:\/\/dreamnev.org\/index.php\/wp-json\/wp\/v2\/media\/1122"}],"wp:attachment":[{"href":"https:\/\/dreamnev.org\/index.php\/wp-json\/wp\/v2\/media?parent=1126"}],"wp:term":[{"taxonomy":"category","embeddable":true,"href":"https:\/\/dreamnev.org\/index.php\/wp-json\/wp\/v2\/categories?post=1126"},{"taxonomy":"post_tag","embeddable":true,"href":"https:\/\/dreamnev.org\/index.php\/wp-json\/wp\/v2\/tags?post=1126"}],"curies":[{"name":"wp","href":"https:\/\/api.w.org\/{rel}","templated":true}]}}