{"id":1118,"date":"2003-08-07T21:51:39","date_gmt":"2003-08-07T19:51:39","guid":{"rendered":"http:\/\/dreamnev.eu\/index.php\/2003\/08\/07\/france-sault-brenaz-13-14306\/"},"modified":"2023-07-23T19:15:39","modified_gmt":"2023-07-23T17:15:39","slug":"france-sault-brenaz-13-14306","status":"publish","type":"post","link":"https:\/\/dreamnev.org\/index.php\/2003\/08\/07\/france-sault-brenaz-13-14306\/","title":{"rendered":"France &#8211; Sault-Brenaz &#8211; 13 14 septembre 2003"},"content":{"rendered":"<h2>Attention, cette comp\u00e9tition a \u00e9t\u00e9 annul\u00e9e !<\/h2>\nInfo donn\u00e9e par Pierre Louis VERNET le 2 septembre 2003\n\n<strong><em><center>CRITERIUM REGIONAL DE SLALOM<br>\nSAULT-BRENAZ<br>13 &#038; 14 septembre 2003<\/center><\/strong><\/em>\n\n\n<h2>Organisation<\/h2>\n\nComit\u00e9 d\u00e9partemental 01 FFESSM ; ACPA ; SEVO\n\nIsle de la SERRE\n\n<h2>Programme<\/h2>\n\n<strong>Samedi 13 Septembre<\/strong>\n\n&#8211; 12h \u00e0 16h : Entra\u00eenement libre, encadrement \u00e0 pourvoir sous la responsabilit\u00e9 des clubs\n&#8211; 15h \u00e0 17h : Confirmation des inscriptions\n&#8211; 18h : Pot de bienvenue\n\n<strong>Dimanche 14 Septembre<\/strong>\n\n&#8211; 8h30 \u00e0 10h30 : Premi\u00e8re manche\n<br \/>Les petites cat\u00e9gories partent en dernier\n&#8211; 11h00 \u00e0 13h00 : Deuxi\u00e8me manche\n&#8211; 15h00 : Les r\u00e9sultats\n\nLe parcours enfants sera determin\u00e9 avec le concours de la commission jeunes.\n\n\n<h2>Les commodit\u00e9s<\/h2>\n\n&#8211; Pour le camping sur place, Fabienne : 04 74 36 67 61\n&#8211; Gite du Severin : 04 74 90 61 42\n\n\n<h2>Contact<\/h2>\nSEVO\n<br \/>22 Rue BRILLAT SAVARIN\n<br \/>01100 OYONNAX\n<br \/>Fax 04 74 76 46 29\t\t\t\t\t\n\n<h2>Fiche d&rsquo;inscription<\/h2>\n\nT\u00e9l\u00e9chargez la fiche d&rsquo;inscription en cliquant sur l&rsquo;ic\u00f4ne ci-dessous.\n\n<a href=\"http:\/\/dreamnev.eu\/wp-content\/uploads\/2003\/08\/inscription-saultbrenaz2003.pdf\" data-description=\"N2cessite Acrobat Reader\">Fiche d&rsquo;inscription<\/a>\n\n<h2>Plus d&rsquo;infos ?<\/h2>\nAllez voir le <a href=\"http:\/\/www.espaceeauvive.fr.st\">site de l&rsquo;Espace Eau Vive Isle de la Serre<\/a> \n\n<h2 class=\"wp-block-heading\">Documents joints<\/h2>\n\n\n\n<div class=\"wp-block-file\"><a href=\"http:\/\/dreamnev.eu\/wp-content\/uploads\/2003\/08\/inscription-saultbrenaz2003.pdf\">Fiche d&rsquo;inscription<\/a><\/div>\n\n\n","protected":false},"excerpt":{"rendered":"<p>Attention, cette comp\u00e9tition a \u00e9t\u00e9 annul\u00e9e ! Info donn\u00e9e par Pierre Louis VERNET le 2 septembre 2003 CRITERIUM REGIONAL DE SLALOM SAULT-BRENAZ13 &#038; 14 septembre 2003 Organisation Comit\u00e9 d\u00e9partemental 01 FFESSM ; ACPA ; SEVO Isle de la SERRE Programme Samedi 13 Septembre &#8211; 12h \u00e0 16h : Entra\u00eenement libre, encadrement \u00e0 pourvoir sous la [&hellip;]<\/p>\n","protected":false},"author":1,"featured_media":0,"comment_status":"closed","ping_status":"open","sticky":false,"template":"","format":"standard","meta":{"footnotes":""},"categories":[111],"tags":[],"class_list":["post-1118","post","type-post","status-publish","format-standard","hentry","category-calendrier-2003"],"_links":{"self":[{"href":"https:\/\/dreamnev.org\/index.php\/wp-json\/wp\/v2\/posts\/1118","targetHints":{"allow":["GET"]}}],"collection":[{"href":"https:\/\/dreamnev.org\/index.php\/wp-json\/wp\/v2\/posts"}],"about":[{"href":"https:\/\/dreamnev.org\/index.php\/wp-json\/wp\/v2\/types\/post"}],"author":[{"embeddable":true,"href":"https:\/\/dreamnev.org\/index.php\/wp-json\/wp\/v2\/users\/1"}],"replies":[{"embeddable":true,"href":"https:\/\/dreamnev.org\/index.php\/wp-json\/wp\/v2\/comments?post=1118"}],"version-history":[{"count":1,"href":"https:\/\/dreamnev.org\/index.php\/wp-json\/wp\/v2\/posts\/1118\/revisions"}],"predecessor-version":[{"id":1120,"href":"https:\/\/dreamnev.org\/index.php\/wp-json\/wp\/v2\/posts\/1118\/revisions\/1120"}],"wp:attachment":[{"href":"https:\/\/dreamnev.org\/index.php\/wp-json\/wp\/v2\/media?parent=1118"}],"wp:term":[{"taxonomy":"category","embeddable":true,"href":"https:\/\/dreamnev.org\/index.php\/wp-json\/wp\/v2\/categories?post=1118"},{"taxonomy":"post_tag","embeddable":true,"href":"https:\/\/dreamnev.org\/index.php\/wp-json\/wp\/v2\/tags?post=1118"}],"curies":[{"name":"wp","href":"https:\/\/api.w.org\/{rel}","templated":true}]}}