{"id":1113,"date":"2003-07-21T21:25:55","date_gmt":"2003-07-21T19:25:55","guid":{"rendered":"http:\/\/dreamnev.eu\/index.php\/2003\/07\/21\/corse-rassemblement-tongue\/"},"modified":"2023-07-23T19:15:38","modified_gmt":"2023-07-23T17:15:38","slug":"corse-rassemblement-tongue","status":"publish","type":"post","link":"https:\/\/dreamnev.org\/index.php\/2003\/07\/21\/corse-rassemblement-tongue\/","title":{"rendered":"Corse &#8211; Rassemblement Tongue Chaussette"},"content":{"rendered":"<p class=\"post_excerpt\">Programme pr\u00e9visionnel du rassemblement \u00ab\u00a0Tongue Chaussette\u00a0\u00bb en Corse du 10 au 18 avril 2004.<br \/>\n<br \/>11 \u00e8me Printemps de l&rsquo;Eau Vive\n<\/p>\n<p><!--more--><\/p>\n<p><font face=\"Arial\" size=\"5\" color=\"#FF0000\">29 janvier 2004 : les<br \/>\ninscriptions sont closes !<\/font><\/p>\n<p>Message des organisateurs :<\/p>\n<p><font face=\"Arial\">\u00ab\u00a0Victime du succ\u00e8s que rencontrent les rassemblements, l&rsquo;organisation de tongue-chaussette est au regret d&rsquo;annoncer la fermeture de la liste des inscriptions.<br \/>\nNous sommes d\u00e9sol\u00e9s pour ceux qui n&rsquo;ont pas pu s&rsquo;inscrire \u00e0 temps, et nous f\u00e9licitons les 50 nageurs qui ont r\u00e9pondu \u00e0 l&rsquo;appel de la tongue en Corse !<br \/>\nMerci et \u00e0 bient\u00f4t pour encore plus d&rsquo;infos.\u00a0\u00bb<\/font><\/p>\n<h2>Rassemblement<\/h2>\n<p>La Commission r\u00e9gionale Corse de nage en Eau Vive et le Club Acqua&rsquo;Viva organise un Rassemblement International de Nage en Eau Vive (Hydrospeed) en Corse en Avril 2004.<\/p>\n<figure id=\"attachment_1109\" aria-describedby=\"caption-attachment-1109\" style=\"width: 740px\" class=\"wp-caption aligncenter\"><img loading=\"lazy\" decoding=\"async\" class=\" aligncenter size-full wp-image-1109\" src=\"http:\/\/dreamnev.eu\/wp-content\/uploads\/2003\/07\/haut-rizzanese-corse-38.jpg\" alt=\"Rizzanese - Corse du Sud\" title=\"Rizzanese - Corse du Sud\" class=\"caption\" data-description=\"Photo de Florence G. __fg_link_0__\" align=\"center\" width=\"740\" height=\"555\" \/><figcaption id=\"caption-attachment-1109\" class=\"wp-caption-text\">Rizzanese &#8211; Corse du Sud<\/figcaption><\/figure>\n<p><strong>Retrouvez les derni\u00e8res informations sur le site officiel de <a href=\"http:\/\/speed.c2b.free.fr\/acqua_saison\/rassemblement-corse-2004.htm\">Tongues Chaussettes<\/a><\/strong><\/p>\n<p>Il s&rsquo;agit d&rsquo;un programme \u00e0 2 vitesses :<br \/>\n&#8211; <strong>court<\/strong> du samedi 10\/04  au mardi 13\/04  en Nord Ouest Corse<br \/>\n&#8211; <strong>long<\/strong> du samedi  10\/04 au dimanche 18\/04, Nord Ouest Corse et Sud Est Corse.<\/p>\n<h2>Transport<\/h2>\n<p>La Corse est une \u00eele au Sud de la France.<br \/>\n<br \/>Pour la travers\u00e9e en bateau, les organisateurs ont obtenu le partenariat de la <a href=\"http:\/\/www.sncm.fr\">SNCM<\/a> qui vous fera 50% de r\u00e9duction sur la travers\u00e9e, soit un co\u00fbt \u00e9valu\u00e9 \u00e0 70 \u20acuros par personne ; les modalit\u00e9s pour l&rsquo;achat du billet \u00e0 prix r\u00e9duit seront donn\u00e9es \u00e0 la mi-d\u00e9cembre (avec les horaires des bateaux).<br \/>\n<br \/>Le d\u00e9part se fera de Marseille (Sud de la France).<\/p>\n<p>Pour l&rsquo;avion, contacter Jean-Pierre.<\/p>\n<h2>H\u00e9bergement<\/h2>\n<p>L&rsquo;h\u00e9bergement se fera en camping avec possibilit\u00e9 d&rsquo;h\u00e9bergement en dur pour les familles.<br \/>\nPour le camping, compter 44 \u20acuros par personne pour la semaine.<\/p>\n<h2>D\u00e9placement sur place<\/h2>\n<p>Vos d\u00e9placements sont \u00e9valu\u00e9s \u00e0 1000 km pour un co\u00fbt estim\u00e9 \u00e0 27 \u20acuros par personne.<br \/>\n<br \/>Un mini-bus pourrait \u00eatre mis \u00e0 disposition : r\u00e9cup\u00e9ration \u00e0 l&rsquo;a\u00e9roport, navettes &#8230; pour les personnes venant sans voiture.<\/p>\n<h2>Inscriptions<\/h2>\n<p>Depuis le 30 janvier, les inscriptions sont closes !<\/p>\n<figure id=\"attachment_1110\" aria-describedby=\"caption-attachment-1110\" style=\"width: 740px\" class=\"wp-caption aligncenter\"><img loading=\"lazy\" decoding=\"async\" class=\" aligncenter size-full wp-image-1110\" src=\"http:\/\/dreamnev.eu\/wp-content\/uploads\/2003\/07\/rizzanese-corse-99.jpg\" alt=\"Rizzanese - Corse du Sud\" title=\"Rizzanese - Corse du Sud\" class=\"caption\" data-description=\"Photo de Florence G. __fg_link_3__\" align=\"center\" width=\"740\" height=\"555\" srcset=\"https:\/\/dreamnev.org\/wp-content\/uploads\/2003\/07\/rizzanese-corse-99.jpg 740w, https:\/\/dreamnev.org\/wp-content\/uploads\/2003\/07\/rizzanese-corse-99-300x225.jpg 300w\" sizes=\"auto, (max-width: 740px) 100vw, 740px\" \/><figcaption id=\"caption-attachment-1110\" class=\"wp-caption-text\">Rizzanese &#8211; Corse du Sud<\/figcaption><\/figure>\n<h2>Organisation des descentes et des activit\u00e9s<\/h2>\n<p>Les participants devront organiser leurs descentes: \u00e0 cet effet topos et niveaux leur seront fournis ; ils pourront bien s\u00fbr aussi \u00eatre accompagn\u00e9s par les membres de l&rsquo;Acqua&rsquo;Viva.<br \/>\n<br \/>Le mat\u00e9riel canyon ou via ferrata pourra \u00eatre fourni sur place sur demande.<\/p>\n<figure id=\"attachment_1111\" aria-describedby=\"caption-attachment-1111\" style=\"width: 570px\" class=\"wp-caption aligncenter\"><img loading=\"lazy\" decoding=\"async\" class=\" aligncenter size-full wp-image-1111\" src=\"http:\/\/dreamnev.eu\/wp-content\/uploads\/2003\/07\/fiumorbo1.jpg\" alt=\"Fium Orbo - Haute Corse\" title=\"Fium Orbo - Haute Corse\" class=\"caption\" data-description=\"__fg_link_4__\" align=\"center\" width=\"570\" height=\"460\" \/><figcaption id=\"caption-attachment-1111\" class=\"wp-caption-text\">Fium Orbo &#8211; Haute Corse<\/figcaption><\/figure>\n<h2>Plus d&rsquo;infos ?<\/h2>\n<p>Une soir\u00e9e corse, un concours de chant, la remise du prix de la grenouille &#8230; et puis et puis &#8230;<br \/>\n<br \/><strong>Retrouvez toutes les infos sur le site officiel de <a href=\"http:\/\/speed.c2b.free.fr\/acqua_saison\/rassemblement-corse-2004.htm\">Tongues Chaussettes<\/a><\/strong><\/p>\n<h2>Tongue Chaussette ?<\/h2>\n<p>Au fait, pourquoi Tongue Chaussette ?<br \/>\n<br \/><strong>Une piste ?<\/strong><\/p>\n<figure id=\"attachment_1112\" aria-describedby=\"caption-attachment-1112\" style=\"width: 350px\" class=\"wp-caption aligncenter\"><img loading=\"lazy\" decoding=\"async\" class=\" aligncenter size-full wp-image-1112\" src=\"http:\/\/dreamnev.eu\/wp-content\/uploads\/2003\/07\/tonguechaussette.jpg\" alt=\"Proposition de Logo\" title=\"Proposition de Logo\" class=\"caption\" data-description=\"Dessin : Thierry DISPAN de FLORAN\" align=\"center\" width=\"350\" height=\"349\" srcset=\"https:\/\/dreamnev.org\/wp-content\/uploads\/2003\/07\/tonguechaussette.jpg 350w, https:\/\/dreamnev.org\/wp-content\/uploads\/2003\/07\/tonguechaussette-300x300.jpg 300w, https:\/\/dreamnev.org\/wp-content\/uploads\/2003\/07\/tonguechaussette-150x150.jpg 150w\" sizes=\"auto, (max-width: 350px) 100vw, 350px\" \/><figcaption id=\"caption-attachment-1112\" class=\"wp-caption-text\">Proposition de Logo<\/figcaption><\/figure>\n<h2>Contacts<\/h2>\n<p>&#8211; Appelez Jean Pierre VERGNON au +33 (0)6 09 05 40 86 ou <a href=\"jpv2b@libertysurf.fr\">jpv2b@libertysurf.fr<\/a><br \/>\n<br \/>Alain TOUZET +33 (0)6 06 73 38 76 42 ou<br \/>\n<a href=\"alain.touzet@equipement.gouv.fr\">alain.touzet@equipement.gouv.fr<\/a><br \/>\n<br \/>Thierry PEQUIGNOT au +33 (0)6 16 24 33 53 ou <a href=\"tititoucour@free.fr\">tititoucour@free.fr<\/a><br \/>\n&#8211; Adresse postale<br \/>\n<code><br \/>\nJean Pierre VERGNON<br \/>\nN 58 LOGIS DE MONTESORO<br \/>\n20600 BASTIA<br \/>\nFrance<\/code><\/p>\n<h2>Sauvez le Rizzanese<\/h2>\n<p>Une des plus belles rivi\u00e8res de Corse et de France, le Rizzanese, est menac\u00e9e par un projet de barrage.<\/p>\n<p>D\u00e9couvrez toutes les infos sur cette aberration et luttez en vous connectant<br \/>\n&#8211; sur le <a href=\"http:\/\/www.eauxvives.org\/rizzanese\">site d&rsquo;EauxVives.Org<\/a><br \/>\n&#8211; sur le site de l&rsquo;ADRE, <a href=\"http:\/\/membres.lycos.fr\/adre\/\">Association de d\u00e9fense du RIZZANESE et de son environnement<\/a><br \/>\n<div id='gallery-1' class='gallery galleryid-1113 gallery-columns-3 gallery-size-thumbnail'><figure class='gallery-item'>\n\t\t\t<div class='gallery-icon landscape'>\n\t\t\t\t<a href='https:\/\/dreamnev.org\/wp-content\/uploads\/2003\/07\/tonguechaussette.jpg'><img loading=\"lazy\" decoding=\"async\" width=\"150\" height=\"150\" src=\"https:\/\/dreamnev.org\/wp-content\/uploads\/2003\/07\/tonguechaussette-150x150.jpg\" class=\"attachment-thumbnail size-thumbnail\" alt=\"Proposition de Logo\" aria-describedby=\"gallery-1-1112\" srcset=\"https:\/\/dreamnev.org\/wp-content\/uploads\/2003\/07\/tonguechaussette-150x150.jpg 150w, https:\/\/dreamnev.org\/wp-content\/uploads\/2003\/07\/tonguechaussette-300x300.jpg 300w, https:\/\/dreamnev.org\/wp-content\/uploads\/2003\/07\/tonguechaussette.jpg 350w\" sizes=\"auto, (max-width: 150px) 100vw, 150px\" \/><\/a>\n\t\t\t<\/div>\n\t\t\t\t<figcaption class='wp-caption-text gallery-caption' id='gallery-1-1112'>\n\t\t\t\tProposition de Logo\n\t\t\t\t<\/figcaption><\/figure><figure class='gallery-item'>\n\t\t\t<div class='gallery-icon landscape'>\n\t\t\t\t<a href='https:\/\/dreamnev.org\/wp-content\/uploads\/2003\/07\/tenueofficielle.jpg'><img loading=\"lazy\" decoding=\"async\" width=\"150\" height=\"150\" src=\"https:\/\/dreamnev.org\/wp-content\/uploads\/2003\/07\/tenueofficielle-150x150.jpg\" class=\"attachment-thumbnail size-thumbnail\" alt=\"Proposition de tenue Officielle\" aria-describedby=\"gallery-1-1114\" srcset=\"https:\/\/dreamnev.org\/wp-content\/uploads\/2003\/07\/tenueofficielle-150x150.jpg 150w, https:\/\/dreamnev.org\/wp-content\/uploads\/2003\/07\/tenueofficielle-300x300.jpg 300w, https:\/\/dreamnev.org\/wp-content\/uploads\/2003\/07\/tenueofficielle.jpg 350w\" sizes=\"auto, (max-width: 150px) 100vw, 150px\" \/><\/a>\n\t\t\t<\/div>\n\t\t\t\t<figcaption class='wp-caption-text gallery-caption' id='gallery-1-1114'>\n\t\t\t\tProposition de tenue Officielle\n\t\t\t\t<\/figcaption><\/figure><figure class='gallery-item'>\n\t\t\t<div class='gallery-icon landscape'>\n\t\t\t\t<a href='https:\/\/dreamnev.org\/wp-content\/uploads\/2003\/07\/fiumorbo1.jpg'><img loading=\"lazy\" decoding=\"async\" width=\"150\" height=\"150\" src=\"https:\/\/dreamnev.org\/wp-content\/uploads\/2003\/07\/fiumorbo1-150x150.jpg\" class=\"attachment-thumbnail size-thumbnail\" alt=\"Fium Orbo - Haute Corse\" aria-describedby=\"gallery-1-1111\" \/><\/a>\n\t\t\t<\/div>\n\t\t\t\t<figcaption class='wp-caption-text gallery-caption' id='gallery-1-1111'>\n\t\t\t\tFium Orbo &#8211; Haute Corse\n\t\t\t\t<\/figcaption><\/figure><figure class='gallery-item'>\n\t\t\t<div class='gallery-icon landscape'>\n\t\t\t\t<a href='https:\/\/dreamnev.org\/wp-content\/uploads\/2003\/07\/haut-rizzanese-corse-38.jpg'><img loading=\"lazy\" decoding=\"async\" width=\"150\" height=\"150\" src=\"https:\/\/dreamnev.org\/wp-content\/uploads\/2003\/07\/haut-rizzanese-corse-38-150x150.jpg\" class=\"attachment-thumbnail size-thumbnail\" alt=\"Rizzanese - Corse du Sud\" aria-describedby=\"gallery-1-1109\" \/><\/a>\n\t\t\t<\/div>\n\t\t\t\t<figcaption class='wp-caption-text gallery-caption' id='gallery-1-1109'>\n\t\t\t\tRizzanese &#8211; Corse du Sud\n\t\t\t\t<\/figcaption><\/figure><figure class='gallery-item'>\n\t\t\t<div class='gallery-icon landscape'>\n\t\t\t\t<a href='https:\/\/dreamnev.org\/wp-content\/uploads\/2003\/11\/rizzanese-corse-99.jpg'><img loading=\"lazy\" decoding=\"async\" width=\"150\" height=\"150\" src=\"https:\/\/dreamnev.org\/wp-content\/uploads\/2003\/11\/rizzanese-corse-99-150x150.jpg\" class=\"attachment-thumbnail size-thumbnail\" alt=\"Rizzanese - Corse du Sud\" aria-describedby=\"gallery-1-1115\" \/><\/a>\n\t\t\t<\/div>\n\t\t\t\t<figcaption class='wp-caption-text gallery-caption' id='gallery-1-1115'>\n\t\t\t\tRizzanese &#8211; Corse du Sud\n\t\t\t\t<\/figcaption><\/figure>\n\t\t<\/div>\n<\/p>\n","protected":false},"excerpt":{"rendered":"<p>Programme pr\u00e9visionnel du rassemblement \u00ab\u00a0Tongue Chaussette\u00a0\u00bb en Corse du 10 au 18 avril 2004. 11 \u00e8me Printemps de l&rsquo;Eau Vive<\/p>\n","protected":false},"author":1,"featured_media":1109,"comment_status":"closed","ping_status":"open","sticky":false,"template":"","format":"standard","meta":{"footnotes":""},"categories":[126],"tags":[153],"class_list":["post-1113","post","type-post","status-publish","format-standard","has-post-thumbnail","hentry","category-calendrier-2004","tag-rassemblements"],"_links":{"self":[{"href":"https:\/\/dreamnev.org\/index.php\/wp-json\/wp\/v2\/posts\/1113","targetHints":{"allow":["GET"]}}],"collection":[{"href":"https:\/\/dreamnev.org\/index.php\/wp-json\/wp\/v2\/posts"}],"about":[{"href":"https:\/\/dreamnev.org\/index.php\/wp-json\/wp\/v2\/types\/post"}],"author":[{"embeddable":true,"href":"https:\/\/dreamnev.org\/index.php\/wp-json\/wp\/v2\/users\/1"}],"replies":[{"embeddable":true,"href":"https:\/\/dreamnev.org\/index.php\/wp-json\/wp\/v2\/comments?post=1113"}],"version-history":[{"count":1,"href":"https:\/\/dreamnev.org\/index.php\/wp-json\/wp\/v2\/posts\/1113\/revisions"}],"predecessor-version":[{"id":1116,"href":"https:\/\/dreamnev.org\/index.php\/wp-json\/wp\/v2\/posts\/1113\/revisions\/1116"}],"wp:featuredmedia":[{"embeddable":true,"href":"https:\/\/dreamnev.org\/index.php\/wp-json\/wp\/v2\/media\/1109"}],"wp:attachment":[{"href":"https:\/\/dreamnev.org\/index.php\/wp-json\/wp\/v2\/media?parent=1113"}],"wp:term":[{"taxonomy":"category","embeddable":true,"href":"https:\/\/dreamnev.org\/index.php\/wp-json\/wp\/v2\/categories?post=1113"},{"taxonomy":"post_tag","embeddable":true,"href":"https:\/\/dreamnev.org\/index.php\/wp-json\/wp\/v2\/tags?post=1113"}],"curies":[{"name":"wp","href":"https:\/\/api.w.org\/{rel}","templated":true}]}}